{"id":10422,"date":"2011-09-26T11:50:21","date_gmt":"2011-09-26T09:50:21","guid":{"rendered":"http:\/\/blog-corbeil-essonnes.fr\/WordPress3\/?p=10422"},"modified":"2011-10-18T17:00:57","modified_gmt":"2011-10-18T15:00:57","slug":"senat-a-gauche-parite-stable","status":"publish","type":"post","link":"https:\/\/blog-corbeil-essonnes.fr\/WordPress3\/2011\/09\/26\/senat-a-gauche-parite-stable\/","title":{"rendered":"S\u00e9nat \u00e0 Gauche, parit\u00e9 stable.."},"content":{"rendered":"<p style=\"text-align: justify;\"><a href=\"https:\/\/blog-corbeil-essonnes.fr\/WordPress3\/2011\/09\/26\/senat-a-gauche-parite-stable\/img_6553\/\" rel=\"attachment wp-att-10424\"><img decoding=\"async\" loading=\"lazy\" class=\"alignleft size-medium wp-image-10424\" title=\"IMG_6553\" src=\"https:\/\/i0.wp.com\/blog-corbeil-essonnes.fr\/WordPress3\/wp-content\/uploads\/2011\/09\/IMG_6553-300x200.jpg?resize=300%2C200&#038;ssl=1\" alt=\"\" width=\"300\" height=\"200\" data-recalc-dims=\"1\" \/><\/a>Le s\u00e9nat passe \u00e0 gauche de deux touts petits si\u00e8ges, c&rsquo;est historique, la premi\u00e8re fois sous la 5\u00e8me r\u00e9publique, voici ce que nous entendons tous depuis hier. Mais, pour la plupart des gens, les \u00e9lections s\u00e9natoriales sont des \u00e9lections obscures, dont le scrutin reste parfaitement incompr\u00e9hensible.<\/p>\n<p style=\"text-align: justify;\">Selon les d\u00e9partements, les s\u00e9nateurs sont \u00e9lus \u00e0 la\u00a0proportionnelle\u00a0ou au scrutin\u00a0majoritaire, dans certains cas, scrutin de liste, dans d&rsquo;autres, scrutin uninominal. De quoi y perdre son latin.<\/p>\n<p style=\"text-align: justify;\">Il y avait 75 femmes dans l&rsquo;assembl\u00e9e sortante, il y en a, semble t&rsquo;il, 77 aujourd&rsquo;hui. On pourrait donc croire que c&rsquo;est un progr\u00e8s, mais voila, il y avait 343 s\u00e9nateurs dans l&rsquo;assembl\u00e9e sortante et il y en aura 348 dans la nouvelle. Donc statut quo.<!--more--><\/p>\n<p style=\"text-align: justify;\">Il aurait \u00e9t\u00e9 normal, \u00e0 \u00e9couter les t\u00e9nors de la politique, d\u2019esp\u00e9rer\u00a0qu&rsquo;un s\u00e9nat \u00e0 gauche serait plus paritaire. Rat\u00e9 ! Rien n&rsquo;a chang\u00e9 de ce c\u00f4t\u00e9 l\u00e0.<\/p>\n<p style=\"text-align: justify;\">En Essonne alors qu&rsquo;il y avait deux femmes, il n&rsquo;en reste plus qu&rsquo;une, c&rsquo;est vraiment dommage. Signalons en plus, que celle qui reste a une tendance\u00a0f\u00e2cheuse\u00a0\u00e0 cumuler les mandats ( S\u00e9natrices, Vice-Pr\u00e9sidente du CG et Maire), ce qui n&rsquo;est pas plus acceptable pour une femme que pour un homme \u00e0 mon humble avis.<\/p>\n<p style=\"text-align: justify;\">Les r\u00e9sultats en Essonne sont donc les suivants :<\/p>\n<table border=\"1\" cellpadding=\"0\">\n<tbody>\n<tr>\n<td><strong>R\u00e9sultats<\/strong><\/td>\n<\/tr>\n<tr>\n<td>\n<div align=\"center\">\n<table width=\"440\" border=\"0\" cellspacing=\"0\" cellpadding=\"0\">\n<tbody>\n<tr>\n<td><\/td>\n<td>Nombre<\/td>\n<td>% Inscrits<\/td>\n<td>% Votants<\/td>\n<\/tr>\n<tr>\n<td>Inscrits<\/td>\n<td>\n<p align=\"right\">2 410<\/p>\n<\/td>\n<td><\/td>\n<td><\/td>\n<\/tr>\n<tr>\n<td>Abstentions<\/td>\n<td>\n<p align=\"right\">32<\/p>\n<\/td>\n<td>\n<p align=\"right\">1,33<\/p>\n<\/td>\n<td><\/td>\n<\/tr>\n<tr>\n<td>Votants<\/td>\n<td>\n<p align=\"right\">2 378<\/p>\n<\/td>\n<td>\n<p align=\"right\">98,67<\/p>\n<\/td>\n<td><\/td>\n<\/tr>\n<tr>\n<td>Blancs ou nuls<\/td>\n<td>\n<p align=\"right\">29<\/p>\n<\/td>\n<td>\n<p align=\"right\">1,20<\/p>\n<\/td>\n<td>\n<p align=\"right\">1,22<\/p>\n<\/td>\n<\/tr>\n<tr>\n<td>Exprim\u00e9s<\/td>\n<td>\n<p align=\"right\">2 349<\/p>\n<\/td>\n<td>\n<p align=\"right\">97,47<\/p>\n<\/td>\n<td>\n<p align=\"right\">98,78<\/p>\n<\/td>\n<\/tr>\n<\/tbody>\n<\/table>\n<\/div>\n<div align=\"center\">\n<table width=\"440\" border=\"0\" cellspacing=\"0\" cellpadding=\"0\">\n<tbody>\n<tr>\n<td><strong>Liste conduite par<\/strong><\/td>\n<td><strong>Elus<\/strong><\/td>\n<\/tr>\n<tr>\n<td>M. Serge <strong>DASSAULT\u00a0(LMAJ)<\/strong><\/td>\n<td>M. Serge <strong>DASSAULT<\/strong><\/td>\n<\/tr>\n<tr>\n<td>M. Vincent <strong>DELAHAYE\u00a0(LDVD)<\/strong><\/td>\n<td>M. Vincent <strong>DELAHAYE<\/strong><\/td>\n<\/tr>\n<tr>\n<td>M. Michel <strong>BERSON\u00a0(LDVG)<\/strong><\/td>\n<td>M. Michel <strong>BERSON<\/strong><\/td>\n<\/tr>\n<tr>\n<td rowspan=\"2\">M. Jean-Vincent <strong>PLACE\u00a0(LUG)<\/strong><\/td>\n<td>M. Jean-Vincent <strong>PLACE<\/strong><\/td>\n<\/tr>\n<tr>\n<td>Mme Claire-Lise <strong>CAMPION<\/strong><\/td>\n<\/tr>\n<\/tbody>\n<\/table>\n<\/div>\n<\/td>\n<\/tr>\n<tr>\n<td colspan=\"2\">\n<div align=\"center\">\n<table width=\"440\" border=\"0\" cellspacing=\"0\" cellpadding=\"0\">\n<tbody>\n<tr>\n<td><strong>Liste conduite par<\/strong><\/td>\n<td><strong>Voix<\/strong><\/td>\n<td><strong>% Exprim\u00e9s<\/strong><\/td>\n<td><strong>Si\u00e8ges gagn\u00e9s<\/strong><\/td>\n<\/tr>\n<tr>\n<td>M. Laurent <strong>BETEILLE\u00a0(LMAJ)<\/strong><\/td>\n<td>\n<p align=\"right\">285<\/p>\n<\/td>\n<td>\n<p align=\"right\">12,13<\/p>\n<\/td>\n<td><\/td>\n<\/tr>\n<tr>\n<td>M. Serge <strong>DASSAULT\u00a0(LMAJ)<\/strong><\/td>\n<td>\n<p align=\"right\">294<\/p>\n<\/td>\n<td>\n<p align=\"right\">12,52<\/p>\n<\/td>\n<td>\n<p align=\"right\">\u00a01<\/p>\n<\/td>\n<\/tr>\n<tr>\n<td>M. Xavier <strong>DUGOIN\u00a0(LDVD)<\/strong><\/td>\n<td>\n<p align=\"right\">199<\/p>\n<\/td>\n<td>\n<p align=\"right\">8,47<\/p>\n<\/td>\n<td><\/td>\n<\/tr>\n<tr>\n<td>M. C\u00e9dric <strong>GIRAUD\u00a0(LFN)<\/strong><\/td>\n<td>\n<p align=\"right\">18<\/p>\n<\/td>\n<td>\n<p align=\"right\">0,77<\/p>\n<\/td>\n<td><\/td>\n<\/tr>\n<tr>\n<td>M. Vincent <strong>DELAHAYE\u00a0(LDVD)<\/strong><\/td>\n<td>\n<p align=\"right\">352<\/p>\n<\/td>\n<td>\n<p align=\"right\">14,99<\/p>\n<\/td>\n<td>\n<p align=\"right\">\u00a01<\/p>\n<\/td>\n<\/tr>\n<tr>\n<td>M. Michel <strong>BERSON\u00a0(LDVG)<\/strong><\/td>\n<td>\n<p align=\"right\">460<\/p>\n<\/td>\n<td>\n<p align=\"right\">19,58<\/p>\n<\/td>\n<td>\n<p align=\"right\">\u00a01<\/p>\n<\/td>\n<\/tr>\n<tr>\n<td>M. Jean-Vincent <strong>PLACE\u00a0(LUG)<\/strong><\/td>\n<td>\n<p align=\"right\">733<\/p>\n<\/td>\n<td>\n<p align=\"right\">31,20<\/p>\n<\/td>\n<td>\n<p align=\"right\">\u00a02<\/p>\n<\/td>\n<\/tr>\n<tr>\n<td>M. Pascal <strong>BESSON\u00a0(LAUT)<\/strong><\/td>\n<td>\n<p align=\"right\">2<\/p>\n<\/td>\n<td>\n<p align=\"right\">0,09<\/p>\n<\/td>\n<td><\/td>\n<\/tr>\n<tr>\n<td>Mme Sophie<strong> Briate (DVD)<\/strong><\/td>\n<td>\n<p align=\"right\">6<\/p>\n<\/td>\n<td>\n<p align=\"right\">0,26<\/p>\n<\/td>\n<td><\/td>\n<\/tr>\n<\/tbody>\n<\/table>\n<\/div>\n<\/td>\n<\/tr>\n<\/tbody>\n<\/table>\n<p><a href=\"https:\/\/blog-corbeil-essonnes.fr\/WordPress3\/2011\/09\/26\/senat-a-gauche-parite-stable\/img_6559\/\" rel=\"attachment wp-att-10431\"><img decoding=\"async\" loading=\"lazy\" class=\"alignleft size-medium wp-image-10431\" title=\"IMG_6559\" src=\"https:\/\/i0.wp.com\/blog-corbeil-essonnes.fr\/WordPress3\/wp-content\/uploads\/2011\/09\/IMG_6559-300x200.jpg?resize=300%2C200&#038;ssl=1\" alt=\"\" width=\"300\" height=\"200\" data-recalc-dims=\"1\" \/><\/a>Constatation : 3 si\u00e8ges \u00e0 gauche et deux \u00e0 droite. Les divisions quel que soit le camp p\u00e9nalisent en terme de si\u00e8ges. Une liste unique et compos\u00e9e de toutes les composantes de la gauche aurait certainement permis l&rsquo;obtention de 4 si\u00e8ges, ce que seule une union a droite pouvait emp\u00eacher. Des divisions caus\u00e9es par des probl\u00e8mes d&rsquo;Ego surtout visible \u00e0 l&rsquo;UMP, mais aussi sur les\u00a0personnalit\u00e9s\u00a0des listes de gauche\u00a0pr\u00e9f\u00e9rant faire le choix de la division que de la raison en composant une liste plus l\u00e9gitime et de plus large rassemblement ( en pr\u00e9sence dans les listes pas en \u00e9tiquette seulement). \u00a0A m\u00e9diter : Serge Dassault sauve son si\u00e8ge pour neuf toutes petites voix &#8230;. Je voulais par ailleurs parler de mon impression sur cette journ\u00e9e, pour la\u00a0\u00e8re\u00a0fois de ma vie j&rsquo;\u00e9tais appel\u00e9e \u00ab\u00a0grande \u00ab\u00a0. Et oui ! Tout arrive . Un peu de s\u00e9rieux maintenant. Donc je votais pour la\u00a0\u00e8re\u00a0fois \u00e0 une \u00e9lection s\u00e9natoriale, vote obligatoire p\u00e9nalis\u00e9 de 100 euros d&rsquo;amende pour celui qui ne se d\u00e9placerait pas. Je suis donc arriv\u00e9e \u00e0 la pr\u00e9fecture \u00e0 11h30, j&rsquo;ai attendu dans la file d&rsquo;attente et j&rsquo;ai pu enfin voter \u00e0 12 h50. Bizarre m\u00eame si visiblement beaucoup \u00e9taient venus \u00e0 la m\u00eame heure, les files \u00e9tait totalement d\u00e9s\u00e9quilibr\u00e9es. Pourtant je pense qu&rsquo;une simple\u00a0division\u00a0du nombre de grands \u00e9lecteurs par les nombres de bureaux de vote aurait \u00e9quilibr\u00e9 les files. A part cela, vote ordinaire si ce n&rsquo;est les candidats qui se bousculent devant la porte pour serrer la main des\u00a0\u00e9lecteurs. Vers 15 heures, heure de fin de scrutin, me voil\u00e0 de retour et surprise,\u00a0 le nouveau\u00a0pr\u00e9fet\u00a0a d\u00e9cr\u00e9t\u00e9 que seul les \u00e9lecteurs pourraient assister au d\u00e9pouillement. Ma camarade Dominique Bardy, co-secr\u00e9taire d\u00e9partementale du parti de gauche, n&rsquo;a donc pas pu entr\u00e9e. Je croyais que le s\u00e9nat concernait toute la\u00a0population, visiblement ce n&rsquo;est pas le cas. Enfin petite remarque, certains personnages non \u00e9lecteurs ont pu passer. Tr\u00e8s bien pour eux, \u00a0 mais \u00a0cela aurait d\u00fb \u00eatre ouvert \u00e0 tous comme ce fut le cas en 2004. Il y avait visiblement des passe-droits hier apr\u00e8s-midi \u00e0 la pr\u00e9fecture. Pour finir, ci dessous vous pourrez lire le communiqu\u00e9 du Parti de gauche concernant ces \u00e9lections.<\/p>\n<p style=\"text-align: center;\"><strong><span style=\"text-decoration: underline;\"><span style=\"color: #000000;\"><span style=\"font-family: Calibri;\"><span style=\"font-size: medium;\">Communiqu\u00e9 du Parti de Gauche <\/span><\/span><\/span><\/span><\/strong><\/p>\n<p><span style=\"font-family: Calibri, sans-serif;\"><span style=\"font-size: small;\">Le Parti de Gauche salue la d\u00e9faite historique de la droite au s\u00e9nat. Celle-ci est le r\u00e9sultat logique de la pouss\u00e9e de la gauche lors des \u00e9lections locales et de l&rsquo;exasp\u00e9ration de nombreux \u00e9lus locaux face \u00e0 la politique men\u00e9e par le gouvernement de N. Sarkozy avec ses cons\u00e9quences en terme de restrictions budg\u00e9taires pour les collectivit\u00e9s locales.<\/span><\/span> <span style=\"font-family: Calibri, sans-serif;\"><span style=\"font-size: small;\"><span style=\"color: #000000;\">A ces S\u00e9natoriales, le Front de Gauche a confirm\u00e9 sa dynamique, ses candidats pr\u00e9sent\u00e9s sous sa banni\u00e8re voyant une progression significative du score du seul PCF en 2004. A l\u2019int\u00e9rieur du Front de Gauche, le tout jeune parti qu\u2019est le Parti de Gauche note avec satisfaction le score de 16,5 % atteint par ses candidats dans le Puy de D\u00f4me et le Lot et de 11 % dans les Hautes Pyr\u00e9n\u00e9es.<\/span>Le PG a choisi de soutenir la progression de la gauche. Pour sa part, le PS a choisi des alliances aboutissant, avec l&rsquo;aide d&rsquo;un mode de scrutin handicapant, \u00e0 l&rsquo;exclusion de notre formation du s\u00e9nat.<\/span><\/span> <span style=\"font-family: Calibri, sans-serif;\"><span style=\"font-size: small;\">Alors que les cantonales, dernier scrutin au suffrage universel, place le Front de Gauche comme la 2\u00e8me force \u00e0 gauche avec pr\u00e8s de 11 % des suffrages, les s\u00e9nateurs du Front de Gauche ne repr\u00e9senteront que 6 % de la prochaine haute assembl\u00e9e ce qui dit bien le caract\u00e8re antid\u00e9mocratique de ce scrutin indirect.<\/span><\/span> <span style=\"font-family: Calibri, sans-serif;\"><span style=\"font-size: small;\">Pour le Parti de Gauche, un s\u00e9nat \u00e0 gauche <span style=\"color: #000000;\">devrait<\/span> dor\u00e9navant s&rsquo;opposer aux politiques de la droite jusqu&rsquo;aux \u00e9lections de 2012 o\u00f9 Il appartiendra au peuple et au suffrage universel de d\u00e9cider d\u2019un autre destin \u00e0 notre pays. Le s\u00e9nat devra alors \u00eatre profond\u00e9ment remis en cause par une Assembl\u00e9e constituante que le Parti de Gauche appelle de ses voeux. <\/span><\/span> <span class=\"Apple-style-span\" style=\"font-family: Calibri, sans-serif; font-size: small;\">Martine Billard, co-pr\u00e9sidente du Parti de Gauche<\/span> <span style=\"font-family: Calibri, sans-serif;\"><span style=\"font-size: small;\">Eric Coquerel, Secr\u00e9taire National<\/span><\/span><\/p>\n","protected":false},"excerpt":{"rendered":"<p>Le s\u00e9nat passe \u00e0 gauche de deux touts petits si\u00e8ges, c&rsquo;est historique, la premi\u00e8re fois sous la 5\u00e8me r\u00e9publique, voici ce que nous entendons tous &hellip; <\/p>\n","protected":false},"author":2,"featured_media":0,"comment_status":"open","ping_status":"open","sticky":false,"template":"","format":"standard","meta":{"jetpack_post_was_ever_published":false,"jetpack_publicize_message":"","jetpack_is_tweetstorm":false,"jetpack_publicize_feature_enabled":true,"jetpack_social_post_already_shared":false,"jetpack_social_options":{"image_generator_settings":{"template":"highway","enabled":false}}},"categories":[4312,4519],"tags":[4520],"jetpack_publicize_connections":[],"jetpack_featured_media_url":"","jetpack_sharing_enabled":true,"_links":{"self":[{"href":"https:\/\/blog-corbeil-essonnes.fr\/WordPress3\/wp-json\/wp\/v2\/posts\/10422"}],"collection":[{"href":"https:\/\/blog-corbeil-essonnes.fr\/WordPress3\/wp-json\/wp\/v2\/posts"}],"about":[{"href":"https:\/\/blog-corbeil-essonnes.fr\/WordPress3\/wp-json\/wp\/v2\/types\/post"}],"author":[{"embeddable":true,"href":"https:\/\/blog-corbeil-essonnes.fr\/WordPress3\/wp-json\/wp\/v2\/users\/2"}],"replies":[{"embeddable":true,"href":"https:\/\/blog-corbeil-essonnes.fr\/WordPress3\/wp-json\/wp\/v2\/comments?post=10422"}],"version-history":[{"count":0,"href":"https:\/\/blog-corbeil-essonnes.fr\/WordPress3\/wp-json\/wp\/v2\/posts\/10422\/revisions"}],"wp:attachment":[{"href":"https:\/\/blog-corbeil-essonnes.fr\/WordPress3\/wp-json\/wp\/v2\/media?parent=10422"}],"wp:term":[{"taxonomy":"category","embeddable":true,"href":"https:\/\/blog-corbeil-essonnes.fr\/WordPress3\/wp-json\/wp\/v2\/categories?post=10422"},{"taxonomy":"post_tag","embeddable":true,"href":"https:\/\/blog-corbeil-essonnes.fr\/WordPress3\/wp-json\/wp\/v2\/tags?post=10422"}],"curies":[{"name":"wp","href":"https:\/\/api.w.org\/{rel}","templated":true}]}}