{"id":10783,"date":"2011-11-07T14:23:25","date_gmt":"2011-11-07T12:23:25","guid":{"rendered":"http:\/\/blog-corbeil-essonnes.fr\/WordPress3\/?p=10783"},"modified":"2011-11-20T20:33:18","modified_gmt":"2011-11-20T18:33:18","slug":"reunions-publiques-sur-le-tzen-4-citoyens-exprimes-vous","status":"publish","type":"post","link":"https:\/\/blog-corbeil-essonnes.fr\/WordPress3\/2011\/11\/07\/reunions-publiques-sur-le-tzen-4-citoyens-exprimes-vous\/","title":{"rendered":"r\u00e9unions publiques sur le TZEN 4 , citoyens exprimez vous !"},"content":{"rendered":"<p style=\"text-align: justify;\"><a href=\"https:\/\/i0.wp.com\/blog-corbeil-essonnes.fr\/WordPress3\/wp-content\/uploads\/2011\/11\/30-09-2011_14-54-20-f5061.png?ssl=1\"><img decoding=\"async\" loading=\"lazy\" class=\"alignleft size-thumbnail wp-image-10784\" title=\"30-09-2011_14-54-20-f5061\" src=\"https:\/\/i0.wp.com\/blog-corbeil-essonnes.fr\/WordPress3\/wp-content\/uploads\/2011\/11\/30-09-2011_14-54-20-f5061-150x150.png?resize=150%2C150&#038;ssl=1\" alt=\"\" width=\"150\" height=\"150\" data-recalc-dims=\"1\" \/><\/a>Dans les jours qui\u00a0viennent\u00a0le STIF organise <a href=\"http:\/\/www.tzen4.com\/IMG\/pdf\/tzen4_journal_concertation.pdf\" target=\"_blank\">des r\u00e9unions publiques\u00a0<\/a>\u00a0 sur la future ligne du TZEN4. \u00a0Le circuit du TZEN 4 fera\u00a0dispara\u00eetre\u00a0l&rsquo;actuel trac\u00e9 du 402. la\u00a0Ville\u00a0de\u00a0Corbeil-Essonnes sera donc tr\u00e8s impact\u00e9e par ce changement .<\/p>\n<p style=\"text-align: justify;\">Les informations r\u00e9colt\u00e9es \u00e0 ce sujet me laisse perplexe. En effet, alors que la ligne 402 part du Coudray-Montceaux , traverse Corbeil-Essonnes et va ensuite vers Evry, Ris Orangis, Grigny ETC&#8230; Le futur trac\u00e9 du TZEN4 partirait, lui, de la gare de Corbeil-Essonnes excluant la majorit\u00e9 de la ville de cette ligne directe vers Evry. Une ligne allant du Coudray \u00e0 la gare rempla\u00e7ant le tron\u00e7on supprim\u00e9.<!--more--><\/p>\n<p style=\"text-align: justify;\">A mes yeux ce n&rsquo;est pas du tout la m\u00eame chose,\u00a0 et\u00a0personnellement\u00a0je compte bien aller expliquer pourquoi, lors de cette r\u00e9union \u00a0de concertation. La ville de Corbeil-Essonnes ne\u00a0commence\u00a0pas \u00e0 la gare, les\u00a0habitants\u00a0ont le droit \u00a0\u00e0 des transports pour se d\u00e9placer quelque soit leur lieu d&rsquo;habitation\u00a0dans\u00a0la ville .<\/p>\n<p>Il est important pour les citoyens de se mobiliser et de participer \u00e0 cette importante r\u00e9union, le\u00a0Syndicat des Transports d&rsquo;Ile-de-France (STIF) ne nous donnera pas la parole souvent, il faut donc se saisir de cet espace pour faire \u00e9voluer le projet.<\/p>\n<p style=\"text-align: center;\">La R\u00e9union Pour Corbeil-Essonnes aura lieu le<\/p>\n<h1 style=\"text-align: center;\"><strong>Mardi 15 novembre \u00e0 19 h <\/strong><\/h1>\n<h1 style=\"text-align: center;\"><strong>\u00e0 la bourse du travail <\/strong><\/h1>\n<h1 style=\"text-align: center;\"><strong>35 rue Emile Zola<\/strong><\/h1>\n<h1 style=\"text-align: center;\"><strong>\u00e0 Corbeil-Essonnes<\/strong><\/h1>\n","protected":false},"excerpt":{"rendered":"<p>Dans les jours qui\u00a0viennent\u00a0le STIF organise des r\u00e9unions publiques\u00a0\u00a0 sur la future ligne du TZEN4. \u00a0Le circuit du TZEN 4 fera\u00a0dispara\u00eetre\u00a0l&rsquo;actuel trac\u00e9 du 402. la\u00a0Ville\u00a0de\u00a0Corbeil-Essonnes &hellip; <\/p>\n","protected":false},"author":2,"featured_media":0,"comment_status":"open","ping_status":"open","sticky":false,"template":"","format":"standard","meta":{"jetpack_post_was_ever_published":false,"jetpack_publicize_message":"","jetpack_is_tweetstorm":false,"jetpack_publicize_feature_enabled":true,"jetpack_social_post_already_shared":false,"jetpack_social_options":{"image_generator_settings":{"template":"highway","enabled":false}}},"categories":[4318,4537],"tags":[4757,4539],"jetpack_publicize_connections":[],"jetpack_featured_media_url":"","jetpack_sharing_enabled":true,"_links":{"self":[{"href":"https:\/\/blog-corbeil-essonnes.fr\/WordPress3\/wp-json\/wp\/v2\/posts\/10783"}],"collection":[{"href":"https:\/\/blog-corbeil-essonnes.fr\/WordPress3\/wp-json\/wp\/v2\/posts"}],"about":[{"href":"https:\/\/blog-corbeil-essonnes.fr\/WordPress3\/wp-json\/wp\/v2\/types\/post"}],"author":[{"embeddable":true,"href":"https:\/\/blog-corbeil-essonnes.fr\/WordPress3\/wp-json\/wp\/v2\/users\/2"}],"replies":[{"embeddable":true,"href":"https:\/\/blog-corbeil-essonnes.fr\/WordPress3\/wp-json\/wp\/v2\/comments?post=10783"}],"version-history":[{"count":0,"href":"https:\/\/blog-corbeil-essonnes.fr\/WordPress3\/wp-json\/wp\/v2\/posts\/10783\/revisions"}],"wp:attachment":[{"href":"https:\/\/blog-corbeil-essonnes.fr\/WordPress3\/wp-json\/wp\/v2\/media?parent=10783"}],"wp:term":[{"taxonomy":"category","embeddable":true,"href":"https:\/\/blog-corbeil-essonnes.fr\/WordPress3\/wp-json\/wp\/v2\/categories?post=10783"},{"taxonomy":"post_tag","embeddable":true,"href":"https:\/\/blog-corbeil-essonnes.fr\/WordPress3\/wp-json\/wp\/v2\/tags?post=10783"}],"curies":[{"name":"wp","href":"https:\/\/api.w.org\/{rel}","templated":true}]}}