{"id":10868,"date":"2011-11-29T10:27:21","date_gmt":"2011-11-29T08:27:21","guid":{"rendered":"http:\/\/blog-corbeil-essonnes.fr\/WordPress3\/?p=10868"},"modified":"2011-11-29T20:02:54","modified_gmt":"2011-11-29T18:02:54","slug":"merci-sylvain","status":"publish","type":"post","link":"https:\/\/blog-corbeil-essonnes.fr\/WordPress3\/2011\/11\/29\/merci-sylvain\/","title":{"rendered":"Merci Sylvain !"},"content":{"rendered":"<p>Il y a un peu plus d&rsquo;une semaine maintenant, j&rsquo;ai rencontr\u00e9 quelques soucis informatiques. Rien de bien grave, je ne pouvais plus modifier mes articles ou en\u00a0publier\u00a0de nouveaux. En informatique\u00a0je\u00a0me d\u00e9brouille plut\u00f4t bien, mais l\u00e0, je ne trouvais pas la solution.<!--more--><\/p>\n<p>Heureusement, j&rsquo;ai eu la chance de pouvoir m&rsquo;adresser \u00e0 un camarade que je tiens \u00e0 remercier aujourd&rsquo;hui pour l&rsquo;aide qu&rsquo;il m&rsquo;a apport\u00e9e et pour le temps qu&rsquo;il a consacr\u00e9 \u00e0 ce d\u00e9pannage.<\/p>\n<p><a href=\"https:\/\/i0.wp.com\/blog-corbeil-essonnes.fr\/WordPress3\/wp-content\/uploads\/2011\/03\/img8806.jpg?ssl=1\"><img decoding=\"async\" loading=\"lazy\" class=\"size-medium wp-image-5747 alignleft\" title=\"img8806\" src=\"https:\/\/i0.wp.com\/blog-corbeil-essonnes.fr\/WordPress3\/wp-content\/uploads\/2011\/03\/img8806-300x200.jpg?resize=300%2C200&#038;ssl=1\" alt=\"\" width=\"300\" height=\"200\" data-recalc-dims=\"1\" \/><\/a>Alors Merci \u00e0 Sylvain Renard de m&rsquo;avoir aid\u00e9, et au passage je vous conseille la lecture de<a href=\"http:\/\/www.sylvainrenard.info\" target=\"_blank\"> son blog <\/a><\/p>\n","protected":false},"excerpt":{"rendered":"<p>Il y a un peu plus d&rsquo;une semaine maintenant, j&rsquo;ai rencontr\u00e9 quelques soucis informatiques. Rien de bien grave, je ne pouvais plus modifier mes articles &hellip; <\/p>\n","protected":false},"author":2,"featured_media":0,"comment_status":"open","ping_status":"open","sticky":false,"template":"","format":"standard","meta":{"jetpack_post_was_ever_published":false,"jetpack_publicize_message":"","jetpack_is_tweetstorm":false,"jetpack_publicize_feature_enabled":true,"jetpack_social_post_already_shared":false,"jetpack_social_options":{"image_generator_settings":{"template":"highway","enabled":false}}},"categories":[4311,4331],"tags":[4545],"jetpack_publicize_connections":[],"jetpack_featured_media_url":"","jetpack_sharing_enabled":true,"_links":{"self":[{"href":"https:\/\/blog-corbeil-essonnes.fr\/WordPress3\/wp-json\/wp\/v2\/posts\/10868"}],"collection":[{"href":"https:\/\/blog-corbeil-essonnes.fr\/WordPress3\/wp-json\/wp\/v2\/posts"}],"about":[{"href":"https:\/\/blog-corbeil-essonnes.fr\/WordPress3\/wp-json\/wp\/v2\/types\/post"}],"author":[{"embeddable":true,"href":"https:\/\/blog-corbeil-essonnes.fr\/WordPress3\/wp-json\/wp\/v2\/users\/2"}],"replies":[{"embeddable":true,"href":"https:\/\/blog-corbeil-essonnes.fr\/WordPress3\/wp-json\/wp\/v2\/comments?post=10868"}],"version-history":[{"count":0,"href":"https:\/\/blog-corbeil-essonnes.fr\/WordPress3\/wp-json\/wp\/v2\/posts\/10868\/revisions"}],"wp:attachment":[{"href":"https:\/\/blog-corbeil-essonnes.fr\/WordPress3\/wp-json\/wp\/v2\/media?parent=10868"}],"wp:term":[{"taxonomy":"category","embeddable":true,"href":"https:\/\/blog-corbeil-essonnes.fr\/WordPress3\/wp-json\/wp\/v2\/categories?post=10868"},{"taxonomy":"post_tag","embeddable":true,"href":"https:\/\/blog-corbeil-essonnes.fr\/WordPress3\/wp-json\/wp\/v2\/tags?post=10868"}],"curies":[{"name":"wp","href":"https:\/\/api.w.org\/{rel}","templated":true}]}}