{"id":11091,"date":"2012-02-20T15:48:36","date_gmt":"2012-02-20T13:48:36","guid":{"rendered":"http:\/\/blog-corbeil-essonnes.fr\/WordPress3\/?p=11091"},"modified":"2012-02-20T21:53:15","modified_gmt":"2012-02-20T19:53:15","slug":"les-habitants-des-tarterets-se-mobilisent-contre-la-violence","status":"publish","type":"post","link":"https:\/\/blog-corbeil-essonnes.fr\/WordPress3\/2012\/02\/20\/les-habitants-des-tarterets-se-mobilisent-contre-la-violence\/","title":{"rendered":"Les habitants des Tarter\u00eats se mobilisent contre la violence"},"content":{"rendered":"<p style=\"text-align: justify;\"><a href=\"https:\/\/i0.wp.com\/blog-corbeil-essonnes.fr\/WordPress3\/wp-content\/uploads\/2012\/02\/398662_3366694328860_1314220858_3403926_327924383_n.jpg?ssl=1\"><img decoding=\"async\" loading=\"lazy\" class=\"alignleft size-medium wp-image-11092\" title=\"398662_3366694328860_1314220858_3403926_327924383_n\" src=\"https:\/\/i0.wp.com\/blog-corbeil-essonnes.fr\/WordPress3\/wp-content\/uploads\/2012\/02\/398662_3366694328860_1314220858_3403926_327924383_n-300x225.jpg?resize=300%2C225&#038;ssl=1\" alt=\"\" width=\"300\" height=\"225\" data-recalc-dims=\"1\" \/><\/a>\u00a0Les\u00a0habitants\u00a0du quartier des Tarter\u00eats ont organis\u00e9 une marche contre \u00a0la violence.\u00a0Le rendez vous \u00e9tait fix\u00e9 \u00e0 16 heures devant les locaux de la \u00a0PMI qu&rsquo;un incendie a ravag\u00e9 le 7 f\u00e9vrier dernier.<\/p>\n<p style=\"text-align: justify;\">\u00a0Sur les tee-shirts port\u00e9s par les mamans du quartier, majoritaires parmi les manifestants, \u00a0on peut lire des messages comme \u00ab\u00a0Stop la violence\u00a0\u00bb \u00a0\u00bb Aimons notre \u00a0quartier \u00a0\u00bb \u00a0.<\/p>\n<p style=\"text-align: justify;\">\u00a0Le\u00a0froid\u00a0et le vent n&rsquo;att\u00e9nuent pas l&rsquo;enthousiasme des pr\u00e9sents et quand la marche \u00e0 travers le\u00a0quartier\u00a0commence, les slogans sont scand\u00e9s de plus en plus fort.<\/p>\n<p style=\"text-align: justify;\"><!--more--><\/p>\n<p style=\"text-align: justify;\">Ce nouvel incident nous fait nous poser de nombreuses questions. Bien s\u00fbr nous sommes dans un quartier ou le taux de ch\u00f4mage est sup\u00e9rieur \u00e0 la moyenne nationale, ce qui est aussi le cas du quartier de Montconseil.\u00a0Mais\u00a0en peu de temps, c&rsquo;est une quinzaine d&rsquo;incendies qui ont touch\u00e9 des\u00a0b\u00e2timents\u00a0publics.<\/p>\n<p style=\"text-align: justify;\"><a href=\"https:\/\/i0.wp.com\/blog-corbeil-essonnes.fr\/WordPress3\/wp-content\/uploads\/2012\/02\/421305_3366703169081_1314220858_3403931_78907189_n.jpg?ssl=1\"><img decoding=\"async\" loading=\"lazy\" class=\"alignleft size-medium wp-image-11093\" title=\"421305_3366703169081_1314220858_3403931_78907189_n\" src=\"https:\/\/i0.wp.com\/blog-corbeil-essonnes.fr\/WordPress3\/wp-content\/uploads\/2012\/02\/421305_3366703169081_1314220858_3403931_78907189_n-300x225.jpg?resize=300%2C225&#038;ssl=1\" alt=\"\" width=\"300\" height=\"225\" data-recalc-dims=\"1\" \/><\/a>Le dernier en date n&rsquo;a que quelques jours et la cible \u00e9tait la m\u00e9diath\u00e8que en centre ville. Nous \u00a0n&rsquo;oublions pas bien s\u00fbr, les\u00a0diff\u00e9rents\u00a0incendies ayant eu pour cible les b\u00e2timents municipaux (\u00e9coles, cantines,\u00a0m\u00e9diath\u00e8que) \u00e0 Montconseil, ni la peinture rouge dont furent asperg\u00e9es en une nuit la porte de la mairie et celles du \u00ab\u00a0Clos des Pinsons \u00a0\u00bb\u00a0 propri\u00e9t\u00e9 de Serge Dassault.<\/p>\n<p style=\"text-align: justify;\">\u00a0Et cela ne peut que nous interroger. Les\u00a0quartiers\u00a0de Corbeil-Essonnes ne sont pas les seuls en France \u00e0 avoir \u00a0une\u00a0population d\u00e9favoris\u00e9e avec un taux de ch\u00f4mage sup\u00e9rieur \u00e0 la moyenne\u00a0nationale. Pourtant toutes les villes de France ne subissent pas un nombre d&rsquo;incendies aussi \u00e9lev\u00e9.<\/p>\n<p style=\"text-align: justify;\">Bien s\u00fbr la PMI est un service qui d\u00e9pend du conseil g\u00e9n\u00e9ral pas de la mairie, mais qui peut penser que les\u00a0incendiaires\u00a0le savaient. Alors comme le disait dans un article la directrice de ce service, apr\u00e8s avoir regard\u00e9 le reportage sur les trappistes ( Annelka, Debouze, Sy), dans leur quartier il y avait de nombreux services,\u00a0th\u00e9\u00e2tre, \u00e9ducateurs de rue &#8230;..<\/p>\n<p style=\"text-align: justify;\">Alors la politique de la jeunesse est peut \u00eatre\u00a0insuffisante, mais est-ce la seule raison de ce nombre d&rsquo;incendies, je ne le pense pas car d&rsquo;autres villes seraient victimes de ce type d&rsquo;incident, et ces incidents\u00a0seraient\u00a0probablement de nature diff\u00e9rente.<\/p>\n<p style=\"text-align: justify;\">Reste quand m\u00eame que, si notre soci\u00e9t\u00e9 mettait l&rsquo;humain au coeur de ses pr\u00e9occupations, et le\u00a0faisait\u00a0passer avant la \u00ab\u00a0finance\u00a0\u00bb, \u00a0que chacun puisse vivre correctement, ait ce dont il a besoin dans une soci\u00e9t\u00e9 ou la\u00a0concurrence\u00a0n&rsquo;est pas la r\u00e8gle mais plut\u00f4t la fraternit\u00e9, alors quelques soient les raisons de ces incendies successifs, je pense qu&rsquo;ils n&rsquo;auraient pas eu lieu.<\/p>\n<p style=\"text-align: justify;\">\n","protected":false},"excerpt":{"rendered":"<p>\u00a0Les\u00a0habitants\u00a0du quartier des Tarter\u00eats ont organis\u00e9 une marche contre \u00a0la violence.\u00a0Le rendez vous \u00e9tait fix\u00e9 \u00e0 16 heures devant les locaux de la \u00a0PMI qu&rsquo;un &hellip; <\/p>\n","protected":false},"author":2,"featured_media":0,"comment_status":"open","ping_status":"open","sticky":false,"template":"","format":"standard","meta":{"jetpack_post_was_ever_published":false,"jetpack_publicize_message":"","jetpack_is_tweetstorm":false,"jetpack_publicize_feature_enabled":true,"jetpack_social_post_already_shared":false,"jetpack_social_options":{"image_generator_settings":{"template":"highway","enabled":false}}},"categories":[4311,4359,1,4328],"tags":[4757,4382,4361],"jetpack_publicize_connections":[],"jetpack_featured_media_url":"","jetpack_sharing_enabled":true,"_links":{"self":[{"href":"https:\/\/blog-corbeil-essonnes.fr\/WordPress3\/wp-json\/wp\/v2\/posts\/11091"}],"collection":[{"href":"https:\/\/blog-corbeil-essonnes.fr\/WordPress3\/wp-json\/wp\/v2\/posts"}],"about":[{"href":"https:\/\/blog-corbeil-essonnes.fr\/WordPress3\/wp-json\/wp\/v2\/types\/post"}],"author":[{"embeddable":true,"href":"https:\/\/blog-corbeil-essonnes.fr\/WordPress3\/wp-json\/wp\/v2\/users\/2"}],"replies":[{"embeddable":true,"href":"https:\/\/blog-corbeil-essonnes.fr\/WordPress3\/wp-json\/wp\/v2\/comments?post=11091"}],"version-history":[{"count":0,"href":"https:\/\/blog-corbeil-essonnes.fr\/WordPress3\/wp-json\/wp\/v2\/posts\/11091\/revisions"}],"wp:attachment":[{"href":"https:\/\/blog-corbeil-essonnes.fr\/WordPress3\/wp-json\/wp\/v2\/media?parent=11091"}],"wp:term":[{"taxonomy":"category","embeddable":true,"href":"https:\/\/blog-corbeil-essonnes.fr\/WordPress3\/wp-json\/wp\/v2\/categories?post=11091"},{"taxonomy":"post_tag","embeddable":true,"href":"https:\/\/blog-corbeil-essonnes.fr\/WordPress3\/wp-json\/wp\/v2\/tags?post=11091"}],"curies":[{"name":"wp","href":"https:\/\/api.w.org\/{rel}","templated":true}]}}