{"id":11207,"date":"2012-03-17T16:11:38","date_gmt":"2012-03-17T14:11:38","guid":{"rendered":"http:\/\/blog-corbeil-essonnes.fr\/WordPress3\/?p=11207"},"modified":"2012-03-19T11:28:27","modified_gmt":"2012-03-19T09:28:27","slug":"soiree-a-rebondissement-pour-le-front-de-gauche-a-corbeil-essonnes","status":"publish","type":"post","link":"https:\/\/blog-corbeil-essonnes.fr\/WordPress3\/2012\/03\/17\/soiree-a-rebondissement-pour-le-front-de-gauche-a-corbeil-essonnes\/","title":{"rendered":"D&rsquo;un d\u00e9bat \u00e0 Corbeil-Essonnes \u00e0 la Bastille"},"content":{"rendered":"<p><a href=\"https:\/\/i0.wp.com\/blog-corbeil-essonnes.fr\/WordPress3\/wp-content\/uploads\/2012\/03\/0301.jpg?ssl=1\"><img decoding=\"async\" loading=\"lazy\" class=\"alignleft size-medium wp-image-11211\" title=\"030\" src=\"https:\/\/i0.wp.com\/blog-corbeil-essonnes.fr\/WordPress3\/wp-content\/uploads\/2012\/03\/0301-300x199.jpg?resize=300%2C199&#038;ssl=1\" alt=\"\" width=\"300\" height=\"199\" data-recalc-dims=\"1\" \/><\/a>\u00a0Jeudi soir \u00a0avec mes camarades du Front de Gauche de la premi\u00e8re circonscription de l&rsquo;Essonne (Bondoufle-Corbeil-Essonnes-Courcouronnes-Evry-Lisses-Villab\u00e9) nous avions donn\u00e9 rendez-vous \u00e0 la bourse du travail de Corbeil-Essonnes pour un d\u00e9bat \u00a0\u00bb comment combattre le front national\u00a0\u00bb, et malgr\u00e9 la d\u00e9fection de l&rsquo;intervenant \u00e0 la derni\u00e8re minute, nous avons men\u00e9 un d\u00e9bat\u00a0passionnant.<\/p>\n<p>Chaque participant apportant sa\u00a0r\u00e9flexion \u00e0 ce d\u00e9bat, qui parfois s&rsquo;\u00e9largissait \u00e0 d&rsquo;autres axes, comme la lutte contre le MES (M\u00e9canisme Europ\u00e9en de Stabilit\u00e9), ou la lutte contre l&rsquo;id\u00e9ologie port\u00e9e par les partis\u00a0d\u2019extr\u00eame\u00a0droite en Europe.<\/p>\n<p>Apr\u00e8s ce premier d\u00e9bat , nous avons tout naturellement enchain\u00e9 par un second qui concernait les institutions et la 6\u00e8me r\u00e9publique que le Front de Gauche propose.<!--more--><\/p>\n<p><a href=\"https:\/\/i0.wp.com\/blog-corbeil-essonnes.fr\/WordPress3\/wp-content\/uploads\/2012\/03\/033.jpg?ssl=1\"><img decoding=\"async\" loading=\"lazy\" class=\"size-medium wp-image-11212 alignright\" title=\"033\" src=\"https:\/\/i0.wp.com\/blog-corbeil-essonnes.fr\/WordPress3\/wp-content\/uploads\/2012\/03\/033-300x199.jpg?resize=300%2C199&#038;ssl=1\" alt=\"\" width=\"300\" height=\"199\" data-recalc-dims=\"1\" \/><\/a>L\u00e0 encore la salle participa \u00a0et nous avons pu aborder la convocation de l&rsquo;assembl\u00e9e constituante et le pourquoi mettre fin \u00e0 une 5\u00e8me r\u00e9publique dont la constitution a \u00e9t\u00e9 pr\u00e9par\u00e9e par des experts sans faire participer le peuple, alors que les pr\u00e9c\u00e9dentes constitutions de notre pays sont issues d&rsquo;un tout autre processus.<\/p>\n<p>Notre d\u00e9bat a permis aussi d&rsquo;aborder le populisme et tout ce que certains peuvent mettre\u00a0derri\u00e8re. Un camarade montra ainsi comment un mot peut \u00eatre utilis\u00e9 de fa\u00e7on diff\u00e9rente et pourquoi certains ont int\u00e9r\u00eat \u00e0 utiliser ce terme de fa\u00e7on p\u00e9jorative pour en\u00a0d\u00e9 cr\u00e9dibiliser\u00a0d&rsquo;autres.<\/p>\n<p>&nbsp;<\/p>\n<p>&nbsp;<\/p>\n<p><a href=\"https:\/\/i0.wp.com\/blog-corbeil-essonnes.fr\/WordPress3\/wp-content\/uploads\/2012\/03\/040.jpg?ssl=1\"><img decoding=\"async\" loading=\"lazy\" class=\"alignleft size-medium wp-image-11214\" title=\"040\" src=\"https:\/\/i0.wp.com\/blog-corbeil-essonnes.fr\/WordPress3\/wp-content\/uploads\/2012\/03\/040-300x199.jpg?resize=300%2C199&#038;ssl=1\" alt=\"\" width=\"300\" height=\"199\" data-recalc-dims=\"1\" \/><\/a>La fin de la soir\u00e9e fut consacr\u00e9 \u00e0 la pr\u00e9paration du grand rendez-vous de dimanche \u00e0 la Bastille. Les citoyens pr\u00e9sents se munirent de crayons, de cartons, de feuilles et de ciseaux pour pr\u00e9parer des panneaux, des slogans &#8230; qui seront utilis\u00e9s lors de la marche vers la Bastille le 18 mars.<\/p>\n<p>&nbsp;<\/p>\n<p>Des ateliers men\u00e9s dans la bonne humeur autour d&rsquo;un verre de l&rsquo;amiti\u00e9 et qui nous ont permis de continuer les d\u00e9bats dans la convivialit\u00e9.<\/p>\n<p>Pr\u00e9parer et mener une telle soir\u00e9e est\u00a0certes tr\u00e8s fatiguant, mais quelle satisfaction face \u00e0 de tels \u00e9changes et un tel enrichissement. Personnellement\u00a0j&rsquo;ai vraiment\u00a0appr\u00e9ci\u00e9\u00a0cette assembl\u00e9e et j&rsquo;esp\u00e8re qu&rsquo;il en a \u00e9t\u00e9 de m\u00eame pour les autres participants.<\/p>\n<p>Je remercie Alan Daniel qui a pris les photos de cette soir\u00e9e et vous donne rendez-vous demain \u00e0 la Bastille pour un \u00e9v\u00e8nement qui devrait \u00eatre vraiment exceptionnel .<\/p>\n<h1 style=\"text-align: center;\"><strong>TOUS A LA BASTILLE LE 18 MARS <\/strong><\/h1>\n<h1 style=\"text-align: center;\"><strong><a href=\"https:\/\/i0.wp.com\/blog-corbeil-essonnes.fr\/WordPress3\/wp-content\/uploads\/2012\/03\/430490_3127378355957_1609637223_2688467_49644721_n.jpg?ssl=1\"><img decoding=\"async\" loading=\"lazy\" class=\"aligncenter size-medium wp-image-11210\" title=\"430490_3127378355957_1609637223_2688467_49644721_n\" src=\"https:\/\/i0.wp.com\/blog-corbeil-essonnes.fr\/WordPress3\/wp-content\/uploads\/2012\/03\/430490_3127378355957_1609637223_2688467_49644721_n-200x300.jpg?resize=200%2C300&#038;ssl=1\" alt=\"\" width=\"200\" height=\"300\" data-recalc-dims=\"1\" \/><\/a>\u00a0<\/strong><\/h1>\n","protected":false},"excerpt":{"rendered":"<p>\u00a0Jeudi soir \u00a0avec mes camarades du Front de Gauche de la premi\u00e8re circonscription de l&rsquo;Essonne (Bondoufle-Corbeil-Essonnes-Courcouronnes-Evry-Lisses-Villab\u00e9) nous avions donn\u00e9 rendez-vous \u00e0 la bourse du travail &hellip; <\/p>\n","protected":false},"author":2,"featured_media":0,"comment_status":"open","ping_status":"open","sticky":false,"template":"","format":"standard","meta":{"jetpack_post_was_ever_published":false,"jetpack_publicize_message":"","jetpack_is_tweetstorm":false,"jetpack_publicize_feature_enabled":true,"jetpack_social_post_already_shared":false,"jetpack_social_options":{"image_generator_settings":{"template":"highway","enabled":false}}},"categories":[4311,4312,4373,4329],"tags":[4566,4567,4760],"jetpack_publicize_connections":[],"jetpack_featured_media_url":"","jetpack_sharing_enabled":true,"_links":{"self":[{"href":"https:\/\/blog-corbeil-essonnes.fr\/WordPress3\/wp-json\/wp\/v2\/posts\/11207"}],"collection":[{"href":"https:\/\/blog-corbeil-essonnes.fr\/WordPress3\/wp-json\/wp\/v2\/posts"}],"about":[{"href":"https:\/\/blog-corbeil-essonnes.fr\/WordPress3\/wp-json\/wp\/v2\/types\/post"}],"author":[{"embeddable":true,"href":"https:\/\/blog-corbeil-essonnes.fr\/WordPress3\/wp-json\/wp\/v2\/users\/2"}],"replies":[{"embeddable":true,"href":"https:\/\/blog-corbeil-essonnes.fr\/WordPress3\/wp-json\/wp\/v2\/comments?post=11207"}],"version-history":[{"count":0,"href":"https:\/\/blog-corbeil-essonnes.fr\/WordPress3\/wp-json\/wp\/v2\/posts\/11207\/revisions"}],"wp:attachment":[{"href":"https:\/\/blog-corbeil-essonnes.fr\/WordPress3\/wp-json\/wp\/v2\/media?parent=11207"}],"wp:term":[{"taxonomy":"category","embeddable":true,"href":"https:\/\/blog-corbeil-essonnes.fr\/WordPress3\/wp-json\/wp\/v2\/categories?post=11207"},{"taxonomy":"post_tag","embeddable":true,"href":"https:\/\/blog-corbeil-essonnes.fr\/WordPress3\/wp-json\/wp\/v2\/tags?post=11207"}],"curies":[{"name":"wp","href":"https:\/\/api.w.org\/{rel}","templated":true}]}}