{"id":11526,"date":"2012-06-07T14:17:40","date_gmt":"2012-06-07T12:17:40","guid":{"rendered":"http:\/\/blog-corbeil-essonnes.fr\/WordPress3\/?p=11526"},"modified":"2014-11-14T07:20:23","modified_gmt":"2014-11-14T06:20:23","slug":"legislatives-la-parite-pour-certains-mais-pas-partout","status":"publish","type":"post","link":"https:\/\/blog-corbeil-essonnes.fr\/WordPress3\/2012\/06\/07\/legislatives-la-parite-pour-certains-mais-pas-partout\/","title":{"rendered":"L\u00e9gislatives : La parit\u00e9 pour certains mais pas partout"},"content":{"rendered":"<p>&nbsp;<\/p>\n<p>La loi oblige chaque parti pour les \u00e9lections l\u00e9gislatives \u00e0 pr\u00e9senter autant d\u2019hommes que de femmes, mais la sanction en cas de non-respect n\u2019\u00e9tant que financi\u00e8re, certains ne respectent pas cette parit\u00e9,\u00a0 ignorant ainsi la moiti\u00e9 de la population de notre pays.<\/p>\n<p>Il y a aussi \u00e0 ce sujet des phrases sans int\u00e9r\u00eat prononc\u00e9es par certains, on pr\u00e9f\u00e8re la comp\u00e9tence \u00e0 la parit\u00e9 par exemple. Pourquoi n\u2019y aurait-il pas autant de femmes comp\u00e9tentes que d\u2019hommes ? La parit\u00e9 est l\u00e0 pour r\u00e9\u00e9quilibrer un ph\u00e9nom\u00e8ne cr\u00e9\u00e9 par notre soci\u00e9t\u00e9 patriarcale, pour rattraper le retard pris sur l\u2019\u00e9galit\u00e9 dans la repr\u00e9sentation, pas pour p\u00e9naliser les cumulards, mais aussi, pour favoriser le renouvellement des politiques en France.<!-- [if gte vml 1]><v:shapetype id=\"_x0000_t75\"\ncoordsize=\"21600,21600\" o:spt=\"75\" o:preferrelative=\"t\" path=\"m@4@5l@4@11@9@11@9@5xe\"\nfilled=\"f\" stroked=\"f\">\n<v:stroke joinstyle=\"miter\"><\/v:stroke>\n<v:formulas>\n<v:f eqn=\"if lineDrawn pixelLineWidth 0\"><\/v:f>\n<v:f eqn=\"sum @0 1 0\"><\/v:f>\n<v:f eqn=\"sum 0 0 @1\"><\/v:f>\n<v:f eqn=\"prod @2 1 2\"><\/v:f>\n<v:f eqn=\"prod @3 21600 pixelWidth\"><\/v:f>\n<v:f eqn=\"prod @3 21600 pixelHeight\"><\/v:f>\n<v:f eqn=\"sum @0 0 1\"><\/v:f>\n<v:f eqn=\"prod @6 1 2\"><\/v:f>\n<v:f eqn=\"prod @7 21600 pixelWidth\"><\/v:f>\n<v:f eqn=\"sum @8 21600 0\"><\/v:f>\n<v:f eqn=\"prod @7 21600 pixelHeight\"><\/v:f>\n<v:f eqn=\"sum @10 21600 0\"><\/v:f>\n<\/v:formulas>\n<v:path o:extrusionok=\"f\" gradientshapeok=\"t\" o:connecttype=\"rect\"><\/v:path>\n<o:lock v:ext=\"edit\" aspectratio=\"t\"><\/o:lock>\n<\/v:shapetype><v:shape id=\"Image_x0020_1\" o:spid=\"_x0000_i1025\" type=\"#_x0000_t75\"\nalt=\"https:\/\/blog-corbeil-essonnes.fr\/WordPress3\/wp-includes\/js\/tinymce\/plugins\/wordpress\/img\/trans.gif\"\nstyle='width:.75pt;height:.75pt;visibility:visible;mso-wrap-style:square'>\n<v:imagedata src=\"file:\/\/\/C:\\Users\\Pascale\\AppData\\Local\\Temp\\msohtmlclip1\\01\\clip_image001.gif\"\no:title=\"trans\"><\/v:imagedata>\n<\/v:shape>< ![endif]--><!-- [if !vml]--><img decoding=\"async\" loading=\"lazy\" src=\"file:\/\/\/C:\\Users\\Pascale\\AppData\\Local\\Temp\\msohtmlclip1\\01\\clip_image001.gif\" alt=\"https:\/\/blog-corbeil-essonnes.fr\/WordPress3\/wp-includes\/js\/tinymce\/plugins\/wordpress\/img\/trans.gif\" width=\"1\" height=\"1\" \/><!--[endif]--><\/p>\n<p>Que constate-t\u2019-on donc : L\u2019UMP pr\u00e9f\u00e8re les barons cumulards au respect de la loi et paiera donc des amendes\u00a0: 25,7\u00a0% de candidates seulement. Cot\u00e9 PS et Front de Gauche la parit\u00e9 est respect\u00e9e ou presque en France (environ 48 % de femmes et 49 chez EELV). On constate donc une progression dans la pr\u00e9sentation de candidat \u00e0 travers la France, certains n&rsquo;auront plus de p\u00e9nalit\u00e9s.<\/p>\n<p>Alors cela va-t-il am\u00e9liorer le nombre de femmes \u00e9lues\u00a0? Vraisemblablement un peu, mais nous partons de tr\u00e8s loin alors cela ne sera pas bien difficile. Malgr\u00e9 tout,\u00a0 il est presque certain que la parit\u00e9 ne sera pas respect\u00e9e dans l\u2019h\u00e9micycle. En effet, la majorit\u00e9 des partis a une mani\u00e8re de d\u00e9signer les candidats tr\u00e8s particuli\u00e8re\u00a0: les circonscriptions gagnables sont r\u00e9serv\u00e9es aux hommes et celles o\u00f9 leur couleur politique est en difficult\u00e9 sont pour les femmes. Donc \u00e0 droite comme \u00e0 gauche, c\u2019est souvent le m\u00eame refrain \u00e0 ce sujet, et l\u00e0 aussi les petites phrases idiotes existent. Elles n\u2019ont qu\u2019\u00e0 aller les gagner, bien s\u00fbr, un exemple Manuel Valls quant il fut parachut\u00e9 a t\u2019il eu un effort \u00e0 faire, non, il a \u00e9t\u00e9 d\u00e9sign\u00e9 dans une circonscription de gauche ou il n\u2019avait aucun effort\u00a0 particulier \u00e0 faire pour gagner. Juste succ\u00e9der au d\u00e9put\u00e9 PS pr\u00e9c\u00e9dent.<\/p>\n<p>Parlons un peu de l\u2019Essonne maintenant. Contrairement \u00e0 ce que l\u2019on constate au niveau national, c\u2019est \u00e0 gauche que la parit\u00e9 n\u2019est pas respect\u00e9e. LE PS pr\u00e9sente 4 femmes dont une EELV issue de l\u2019accord national et le Front de Gauche fait de m\u00eame. Dans les deux cas cela aurait je pense pu \u00eatre \u00e9vit\u00e9. En effet, ces formations ne manquent pas de femmes et de possibles candidates tout autant capables que les messieurs qui ont \u00e9t\u00e9 d\u00e9sign\u00e9es.<\/p>\n<p>Au PS un autre ph\u00e9nom\u00e8ne d\u00e9range, non seulement les titulaires sont des hommes, mais leurs suppl\u00e9ants le sont aussi. Pourtant, nos deux ministres auraient pu permettre \u00e0 deux femmes de plus de si\u00e9ger sur les bans de l\u2019Assembl\u00e9e nationale en choisissant des suppl\u00e9antes plut\u00f4t que des suppl\u00e9ants. D\u00e9cid\u00e9ment, ces messieurs ont toujours du mal \u00e0 partager le pouvoir, et leurs r\u00e9flexes vont jusqu\u2019\u00e0\u00a0d\u00e9signer d\u2019autres hommes comme candidat m\u00eame quand cela est plus que discutable.<\/p>\n<p>Malheureusement la parit\u00e9 on en parle beaucoup messieurs, mais les actes eux ne suivent pas.<\/p>\n","protected":false},"excerpt":{"rendered":"<p>&nbsp; La loi oblige chaque parti pour les \u00e9lections l\u00e9gislatives \u00e0 pr\u00e9senter autant d\u2019hommes que de femmes, mais la sanction en cas de non-respect n\u2019\u00e9tant &hellip; <\/p>\n","protected":false},"author":2,"featured_media":0,"comment_status":"open","ping_status":"open","sticky":false,"template":"","format":"standard","meta":{"jetpack_post_was_ever_published":false,"jetpack_publicize_message":"","jetpack_is_tweetstorm":false,"jetpack_publicize_feature_enabled":true,"jetpack_social_post_already_shared":false,"jetpack_social_options":{"image_generator_settings":{"template":"highway","enabled":false}}},"categories":[4312,4373],"tags":[4436,4775,4428],"jetpack_publicize_connections":[],"jetpack_featured_media_url":"","jetpack_sharing_enabled":true,"_links":{"self":[{"href":"https:\/\/blog-corbeil-essonnes.fr\/WordPress3\/wp-json\/wp\/v2\/posts\/11526"}],"collection":[{"href":"https:\/\/blog-corbeil-essonnes.fr\/WordPress3\/wp-json\/wp\/v2\/posts"}],"about":[{"href":"https:\/\/blog-corbeil-essonnes.fr\/WordPress3\/wp-json\/wp\/v2\/types\/post"}],"author":[{"embeddable":true,"href":"https:\/\/blog-corbeil-essonnes.fr\/WordPress3\/wp-json\/wp\/v2\/users\/2"}],"replies":[{"embeddable":true,"href":"https:\/\/blog-corbeil-essonnes.fr\/WordPress3\/wp-json\/wp\/v2\/comments?post=11526"}],"version-history":[{"count":0,"href":"https:\/\/blog-corbeil-essonnes.fr\/WordPress3\/wp-json\/wp\/v2\/posts\/11526\/revisions"}],"wp:attachment":[{"href":"https:\/\/blog-corbeil-essonnes.fr\/WordPress3\/wp-json\/wp\/v2\/media?parent=11526"}],"wp:term":[{"taxonomy":"category","embeddable":true,"href":"https:\/\/blog-corbeil-essonnes.fr\/WordPress3\/wp-json\/wp\/v2\/categories?post=11526"},{"taxonomy":"post_tag","embeddable":true,"href":"https:\/\/blog-corbeil-essonnes.fr\/WordPress3\/wp-json\/wp\/v2\/tags?post=11526"}],"curies":[{"name":"wp","href":"https:\/\/api.w.org\/{rel}","templated":true}]}}