{"id":11707,"date":"2012-10-24T11:00:33","date_gmt":"2012-10-24T09:00:33","guid":{"rendered":"http:\/\/blog-corbeil-essonnes.fr\/WordPress3\/?p=11707"},"modified":"2014-11-14T07:14:12","modified_gmt":"2014-11-14T06:14:12","slug":"le-groupe-corbeil-essonnes-ensemble-denonce-l%e2%80%99inconsequence-de-jean-pierre-bechter","status":"publish","type":"post","link":"https:\/\/blog-corbeil-essonnes.fr\/WordPress3\/2012\/10\/24\/le-groupe-corbeil-essonnes-ensemble-denonce-l%e2%80%99inconsequence-de-jean-pierre-bechter\/","title":{"rendered":"le groupe Corbeil-Essonnes Ensemble d\u00e9nonce l\u2019incons\u00e9quence de Jean-Pierre Bechter"},"content":{"rendered":"<div>\n<p style=\"text-align: justify;\"><strong><em>Communiqu\u00e9 de presse du groupe Corbeil-Essonnes Ensemble<\/em><\/strong><\/p>\n<p style=\"text-align: justify;\">Mardi 23 octobre 2012<\/p>\n<p style=\"text-align: justify;\">Hier soir, \u00e0 l\u2019H\u00f4tel de ville, une cinquantaine de personnels ATSEM et de parents d\u2019\u00e9l\u00e8ves se sont rendus au Conseil Municipal de Corbeil-Essonnes pour d\u00e9noncer la suppression de deux postes en cette rentr\u00e9e dans les \u00e9coles maternelles de la ville.<!--more--><\/p>\n<p style=\"text-align: justify;\">Interpel\u00e9 par l\u2019opposition municipale, Jean-Pierre Bechter a r\u00e9pondu par le m\u00e9pris en refusant de s\u2019exprimer sur le sujet devant le Conseil Municipal. Il a notamment qualifi\u00e9 de \u00ab\u00a0baratin\u00a0\u00bb les arguments des \u00e9lus d\u2019opposition pour d\u00e9fendre les personnels d\u2019\u00e9ducation et coup\u00e9 les micros pour interrompre tout d\u00e9bat.<\/p>\n<\/div>\n<div>\n<p style=\"text-align: justify;\">Dans un secteur qu\u2019il aime \u00e0 proclamer \u00ab\u00a0prioritaire \u00bb, Jean-Pierre Bechter d\u00e9cide donc d\u00e9lib\u00e9r\u00e9ment de faire des \u00e9conomies sur les moyens humains dans nos \u00e9coles. \u00c9lu-e-s de l\u2019opposition municipale, nous condamnons cette attaque contre le service public communal et demandons au maire de s\u2019expliquer sur ses d\u00e9clarations inqui\u00e9tantes quant aux suppressions futures dans le personnel municipal, notamment dans le secteur de la petite enfance.<\/p>\n<p style=\"text-align: justify;\">Alors que les \u00e9lu-e-s de l\u2019opposition s\u2019appr\u00eataient \u00e0 quitter la salle face au comportement insupportable du maire, un autre \u00e9pisode est venu interrompre le Conseil Municipal\u00a0: une trentaine\u00a0d\u2019individus, manifestement connus du maire et de son \u00e9quipe de s\u00e9curit\u00e9 priv\u00e9e, se sont introduits dans la salle du Conseil et ont violemment interpel\u00e9 Jean-Pierre Bechter. La s\u00e9curit\u00e9 ne pouvant y \u00eatre assur\u00e9e, la salle a \u00e9t\u00e9 \u00e9vacu\u00e9e par les forces de l\u2019ordre.\u00a0Dans\u00a0cette municipalit\u00e9 UMP, nous sommes malheureusement habitu\u00e9s \u00e0 ce type d\u2019\u00e9v\u00e9nement depuis de nombreuses ann\u00e9es \u00e0 Corbeil-Essonnes.<\/p>\n<p style=\"text-align: justify;\">Pour autant, \u00e0 chaque nouvel \u00e9pisode, une nouvelle limite est franchie dans la confusion et le m\u00e9lange des genres. Force est de constater qu\u2019aujourd\u2019hui, pour des raisons qui nous \u00e9chappent, Jean-Pierre Bechter est dans l\u2019incapacit\u00e9 d\u2019assurer la tenue d\u2019un Conseil Municipal ordinaire \u00e0 Corbeil-Essonnes. Nous demandons solennellement \u00e0 Jean-Pierre Bechter de faire la lumi\u00e8re sur cette situation unique en France.<\/p>\n<\/div>\n<div>\n<p style=\"text-align: justify;\">Dans deux registres donc diff\u00e9rents, la municipalit\u00e9 UMP de Corbeil-Essonnes a une nouvelle fois montr\u00e9 hier le fonctionnement catastrophique de la d\u00e9mocratie \u00e0 Corbeil-Essonnes. Jean-Pierre Bechter ne pourra pas ind\u00e9finiment se cacher derri\u00e8re le m\u00e9pris lorsqu\u2019il s\u2019agira de r\u00e9pondre \u00e0 l\u2019opposition municipale, ou ses gardes du corps lorsqu\u2019il faudra r\u00e9pondre des accusations d\u2019individus qui semblent bien renseign\u00e9s sur les pratiques municipales.<\/p>\n<p style=\"text-align: justify;\">Elu-e-s de Corbeil-Essonnes, nous aimons notre ville. Nous refusons d\u2019y voir la R\u00e9publique bafou\u00e9e par un syst\u00e8me qui mine le fonctionnement quotidien des institutions municipales.<\/p>\n<p style=\"text-align: justify;\">C\u2019est cette indignation collective qui conduit le groupe Corbeil-Essonnes Ensemble \u00e0 interpeler Jean-Pierre Bechter pour mettre fin \u00e0 cette situation, tout de suite.<\/p>\n<p style=\"text-align: justify;\"><strong>Les \u00e9lus du groupe \u00a0Corbeil-Essonnes Ensemble\u00a0: Nicole MERESSE, Michel NOUAILLE, Bruno PIRIOU, Pascale PRIGENT.<\/strong><\/p>\n<\/div>\n","protected":false},"excerpt":{"rendered":"<p>Communiqu\u00e9 de presse du groupe Corbeil-Essonnes Ensemble Mardi 23 octobre 2012 Hier soir, \u00e0 l\u2019H\u00f4tel de ville, une cinquantaine de personnels ATSEM et de parents &hellip; <\/p>\n","protected":false},"author":2,"featured_media":0,"comment_status":"open","ping_status":"open","sticky":false,"template":"","format":"standard","meta":{"jetpack_post_was_ever_published":false,"jetpack_publicize_message":"","jetpack_is_tweetstorm":false,"jetpack_publicize_feature_enabled":true,"jetpack_social_post_already_shared":false,"jetpack_social_options":{"image_generator_settings":{"template":"highway","enabled":false}}},"categories":[4311],"tags":[4762,4757,4364,4398,4765],"jetpack_publicize_connections":[],"jetpack_featured_media_url":"","jetpack_sharing_enabled":true,"_links":{"self":[{"href":"https:\/\/blog-corbeil-essonnes.fr\/WordPress3\/wp-json\/wp\/v2\/posts\/11707"}],"collection":[{"href":"https:\/\/blog-corbeil-essonnes.fr\/WordPress3\/wp-json\/wp\/v2\/posts"}],"about":[{"href":"https:\/\/blog-corbeil-essonnes.fr\/WordPress3\/wp-json\/wp\/v2\/types\/post"}],"author":[{"embeddable":true,"href":"https:\/\/blog-corbeil-essonnes.fr\/WordPress3\/wp-json\/wp\/v2\/users\/2"}],"replies":[{"embeddable":true,"href":"https:\/\/blog-corbeil-essonnes.fr\/WordPress3\/wp-json\/wp\/v2\/comments?post=11707"}],"version-history":[{"count":0,"href":"https:\/\/blog-corbeil-essonnes.fr\/WordPress3\/wp-json\/wp\/v2\/posts\/11707\/revisions"}],"wp:attachment":[{"href":"https:\/\/blog-corbeil-essonnes.fr\/WordPress3\/wp-json\/wp\/v2\/media?parent=11707"}],"wp:term":[{"taxonomy":"category","embeddable":true,"href":"https:\/\/blog-corbeil-essonnes.fr\/WordPress3\/wp-json\/wp\/v2\/categories?post=11707"},{"taxonomy":"post_tag","embeddable":true,"href":"https:\/\/blog-corbeil-essonnes.fr\/WordPress3\/wp-json\/wp\/v2\/tags?post=11707"}],"curies":[{"name":"wp","href":"https:\/\/api.w.org\/{rel}","templated":true}]}}