{"id":11839,"date":"2013-01-02T11:58:42","date_gmt":"2013-01-02T10:58:42","guid":{"rendered":"http:\/\/blog-corbeil-essonnes.fr\/WordPress3\/?p=11839"},"modified":"2014-10-18T12:53:29","modified_gmt":"2014-10-18T11:53:29","slug":"2013-est-arrivee","status":"publish","type":"post","link":"https:\/\/blog-corbeil-essonnes.fr\/WordPress3\/2013\/01\/02\/2013-est-arrivee\/","title":{"rendered":"2013 est arriv\u00e9e"},"content":{"rendered":"<p style=\"text-align: justify;\">L&rsquo;ann\u00e9e commence par la coutume des voeux. En g\u00e9n\u00e9ral, c&rsquo;est le moment de souhaiter plein de bonnes choses \u00e0 tout le monde et de faire un bilan de l&rsquo;ann\u00e9e pass\u00e9e. \u00a0<span style=\"text-align: center;\">\u00a0<\/span><\/p>\n<p style=\"text-align: justify;\"><!--more-->L&rsquo;ann\u00e9e derni\u00e8re fut une formidable ann\u00e9e militante, fatigante mais faite de multiples rencontres, de d\u00e9bats et d&rsquo;actions. Ce ne fut pas vraiment l&rsquo;ann\u00e9e du changement comme nous l&rsquo;avons esp\u00e9r\u00e9, mais une ann\u00e9e \u00a0de fin de r\u00e8gne pour\u00a0Nicolas Sarkozy .<\/p>\n<p style=\"text-align: justify;\">Pour 2013, nous ne pouvons que souhaiter que le changement finisse par se produire vraiment. Malheureusement les annonces qui nous sont faites ne sont en rien rassurantes.\u00a0Le ch\u00f4mage par exemple devrait continuer\u00a0d\u2019augmenter\u00a0 comme les prix de nombreux produits de consommation courante.<\/p>\n<p style=\"text-align: justify;\">Bon, nous avons bien compris, l&rsquo;\u00e9lectricit\u00e9, le gaz, les loyers &#8230; tout va augmenter, non pas tout, les salaires eux ne bougeront pas. Mais dites moi, comment relance-t-on l&rsquo;\u00e9conomie dans ce cas ? Il semble \u00e9vident que le seul r\u00e9sultat sera une r\u00e9duction de la\u00a0consommation. Messieurs les experts est-ce que je me trompe ?<\/p>\n<p style=\"text-align: justify;\">Ah non, je me base sur le v\u00e9cu de beaucoup de personnes que je\u00a0c\u00f4toie. Nous savons aujourd&rsquo;hui que beaucoup de fran\u00e7ais se chauffent peu ou pas du tout. Pas pour \u00e9conomiser les ressources de la plan\u00e8te. Pour cela, il faudrait que ce soit ceux qui gaspillent et qui ont les moyens qui agissent ainsi. Les gens font cela pour des raison \u00e9conomiques bien s\u00fbr, leur nombre devrait augmenter car quand les ressources sont plus ch\u00e8res et que les salaires stagnent, pour\u00a0maintenir\u00a0la d\u00e9pense il faut baisser la consommation. Basique non comme acte.<\/p>\n<p style=\"text-align: justify;\">L&rsquo;\u00e9lectricit\u00e9 n&rsquo;est bien s\u00fbr qu&rsquo;un exemple, cette r\u00e9duction touchera bien d&rsquo;autres biens de consommation. AIE, il y aura encore moins de spectateurs au cin\u00e9ma. Alors choisissez bien, ne donnez rien \u00e0 ceux qui refusent le partage et qui veulent accumuler les richesses, rien aux exil\u00e9s fiscaux Messieurs, Mesdames.<\/p>\n<p>Allez, je ne vais pas commencer l&rsquo;ann\u00e9e par tout d\u00e9tailler, je vais en garder pour les jours \u00e0 venir.<\/p>\n<p>Respectons \u00e0 pr\u00e9sent la tradition, je vous souhaite \u00e0 tous et \u00e0 toutes une \u00a0bonne et heureuse ann\u00e9e 2013, qu&rsquo;elle soit le plus pr\u00e8s de vos\u00a0esp\u00e9rances, que bient\u00f4t nous nous retrouvions comme l&rsquo;an pass\u00e9 dans les luttes et les combats pour faire mentir les pseudos experts dont la t\u00e9l\u00e9 nous abreuve r\u00e9guli\u00e8rement, et faire que l&rsquo;humain soit au coeur de notre\u00a0soci\u00e9t\u00e9\u00a0plut\u00f4t que la finance.<\/p>\n","protected":false},"excerpt":{"rendered":"<p>L&rsquo;ann\u00e9e commence par la coutume des voeux. En g\u00e9n\u00e9ral, c&rsquo;est le moment de souhaiter plein de bonnes choses \u00e0 tout le monde et de faire &hellip; <\/p>\n","protected":false},"author":2,"featured_media":0,"comment_status":"open","ping_status":"open","sticky":false,"template":"","format":"standard","meta":{"jetpack_post_was_ever_published":false,"jetpack_publicize_message":"","jetpack_is_tweetstorm":false,"jetpack_publicize_feature_enabled":true,"jetpack_social_post_already_shared":false,"jetpack_social_options":{"image_generator_settings":{"template":"highway","enabled":false}}},"categories":[4359,1],"tags":[4602,4765,4552],"jetpack_publicize_connections":[],"jetpack_featured_media_url":"","jetpack_sharing_enabled":true,"_links":{"self":[{"href":"https:\/\/blog-corbeil-essonnes.fr\/WordPress3\/wp-json\/wp\/v2\/posts\/11839"}],"collection":[{"href":"https:\/\/blog-corbeil-essonnes.fr\/WordPress3\/wp-json\/wp\/v2\/posts"}],"about":[{"href":"https:\/\/blog-corbeil-essonnes.fr\/WordPress3\/wp-json\/wp\/v2\/types\/post"}],"author":[{"embeddable":true,"href":"https:\/\/blog-corbeil-essonnes.fr\/WordPress3\/wp-json\/wp\/v2\/users\/2"}],"replies":[{"embeddable":true,"href":"https:\/\/blog-corbeil-essonnes.fr\/WordPress3\/wp-json\/wp\/v2\/comments?post=11839"}],"version-history":[{"count":0,"href":"https:\/\/blog-corbeil-essonnes.fr\/WordPress3\/wp-json\/wp\/v2\/posts\/11839\/revisions"}],"wp:attachment":[{"href":"https:\/\/blog-corbeil-essonnes.fr\/WordPress3\/wp-json\/wp\/v2\/media?parent=11839"}],"wp:term":[{"taxonomy":"category","embeddable":true,"href":"https:\/\/blog-corbeil-essonnes.fr\/WordPress3\/wp-json\/wp\/v2\/categories?post=11839"},{"taxonomy":"post_tag","embeddable":true,"href":"https:\/\/blog-corbeil-essonnes.fr\/WordPress3\/wp-json\/wp\/v2\/tags?post=11839"}],"curies":[{"name":"wp","href":"https:\/\/api.w.org\/{rel}","templated":true}]}}