{"id":12033,"date":"2013-02-13T17:07:25","date_gmt":"2013-02-13T16:07:25","guid":{"rendered":"http:\/\/blog-corbeil-essonnes.fr\/WordPress3\/?p=12033"},"modified":"2014-11-14T07:07:29","modified_gmt":"2014-11-14T06:07:29","slug":"non-a-la-reforme-des-rythmes-scolaires","status":"publish","type":"post","link":"https:\/\/blog-corbeil-essonnes.fr\/WordPress3\/2013\/02\/13\/non-a-la-reforme-des-rythmes-scolaires\/","title":{"rendered":"Non \u00e0 la r\u00e9forme des rythmes scolaires"},"content":{"rendered":"<p style=\"text-align: justify;\">Hier apr\u00e8s midi, je me trouvais aupr\u00e8s des enseignants, personnels des collectivit\u00e9s territoriales et parents d&rsquo;\u00e9l\u00e8ves \u00e0 Paris pour manifester contre la r\u00e9forme des rythmes scolaires du Ministre de l&rsquo;Education Nationale, Vincent Peillon. Ce fut une belle mobilisation \u00e0 l&rsquo;image du nombre record de gr\u00e9vistes. Pour l&rsquo;Essonne, par exemple, il y avait 240 \u00e9coles \u00a0ferm\u00e9es, dont 15 rien que sur Corbeil-Essonnes. Dans beaucoup d&rsquo; autres communes la majorit\u00e9 des enseignants\u00a0\u00e9taient\u00a0gr\u00e9vistes. \u00a0<!--more--><\/p>\n<p style=\"text-align: justify;\">La raison de mon soutien \u00e0 ce mouvement concernant l&rsquo;Education est simple. Ce texte n&rsquo;est \u00e0 mes yeux que la suite du\u00a0d\u00e9mant\u00e8lement\u00a0de l&rsquo;Education Nationale d\u00e9j\u00e0 entam\u00e9 par les r\u00e9formes pr\u00e9c\u00e9dentes.<\/p>\n<p style=\"text-align: justify;\">Ce projet ne r\u00e9pond pas au besoin de l&rsquo;Education nationale, il d\u00e9place un d\u00e9bat crucial pour l&rsquo;avenir de l&rsquo;\u00e9cole publique en France, sur un seul sujet, les rythmes scolaires.<\/p>\n<p style=\"text-align: justify;\">Ramener de fa\u00e7on tr\u00e8s r\u00e9ductrice au seul rythme de l&rsquo;enfant l&rsquo;avenir de l&rsquo;\u00e9cole, est \u00e0 mes yeux, absurde. Comment peut-on penser s\u00e9parer le rythme de l&rsquo;enfant du rythme de ceux qui l&rsquo;entourent. Les enseignants, bien s\u00fbr, car pour les enfants mieux vaut un enseignant repos\u00e9 qu&rsquo;un enseignant fatigu\u00e9, voire stress\u00e9 par le rythme qui lui est impos\u00e9, mais aussi les parents.<\/p>\n<p style=\"text-align: justify;\">Dans notre soci\u00e9t\u00e9 les enfants vivent ce que vivent leurs parents, horaires\u00a0de travail cumul\u00e9s au temps pass\u00e9 dans les transports. Donc, les bambins eux que font-ils ? Et bien, ils sont gard\u00e9s par d&rsquo;autres personnes et ne rentrent chez eux que quand leurs parents ont fini\u00a0 leur journ\u00e9e.<\/p>\n<p style=\"text-align: justify;\">Autre point, si le ministre s&rsquo;attaquait vraiment \u00e0 ce sujet, il mettrait r\u00e9ellement en place le rythme reconnu par tous comme b\u00e9n\u00e9fique, c&rsquo;est-\u00e0-dire : 7 semaines de travail pour deux semaines de cong\u00e9s. Croyez-vous que ce soit le cas ? Non, pas du tout.\u00a0 Dans ce domaine on ne touche \u00e0 rien, le\u00a0lobby du tourisme veille, et lui, il est \u00e9cout\u00e9 .<\/p>\n<p style=\"text-align: justify;\">Venons\u00a0en maintenant aux aspects dangereux de cette r\u00e9forme.<\/p>\n<p style=\"text-align: justify;\">Ce projet de loi s&rsquo;inscrit dans une logique, celle de la casse de\u00a0l\u2019Education\u00a0Nationale, Education Nationale qui seule permet un syst\u00e8me \u00e9galitaire dans notre pays .<\/p>\n<p style=\"text-align: justify;\">A travers ce projet on voit poindre l&rsquo;acte 3 de la d\u00e9centralisation avec lequel l&rsquo;Education perdrait justement son caract\u00e8re nationale .<\/p>\n<p style=\"text-align: justify;\">De plus ce qui est demand\u00e9 aux collectivit\u00e9s\u00a0territoriales, d\u00e9j\u00e0 asphyxi\u00e9es par les mesures d&rsquo;aust\u00e9rit\u00e9, va avoir un co\u00fbt tr\u00e8s \u00e9lev\u00e9.<\/p>\n<p style=\"text-align: justify;\">\nCette r\u00e9forme est\u00a0b\u00e2cl\u00e9e\u00a0et il lui a manqu\u00e9 une r\u00e9elle concertation. Pour moi d\u00e8s le d\u00e9but, elle ne\u00a0partait\u00a0pas sur de bonnes bases. En effet si l&rsquo;on veut refonder l&rsquo;\u00e9cole , il faut d&rsquo;abord se poser les questions suivantes.<\/p>\n<p style=\"text-align: justify;\">Que veut t&rsquo;on faire de notre \u00e9cole ?<\/p>\n<p style=\"text-align: justify;\">L&rsquo;\u00e9cole pour qui, pourquoi ?<\/p>\n<p style=\"text-align: justify;\">Le comment lui en d\u00e9coule.<\/p>\n<p style=\"text-align: justify;\">Personnellement\u00a0je r\u00e9pondrai, je veux une \u00e9cole\u00a0\u00e9mancipatrice, qui aide chacun \u00e0 trouver sa place, une \u00e9cole qui\u00a0pr\u00f4ne l&rsquo;entraide et la solidarit\u00e9, pas la comp\u00e9tition et l&rsquo;individualisme. En bref, une \u00e9cole qui forme des citoyens \u00e9clair\u00e9s, pour pr\u00e9parer une soci\u00e9t\u00e9 plus juste et plus\u00a0\u00e9galitaire, et cela, seul le caract\u00e8re nationale de l&rsquo;Education peut le permettre.<\/p>\n<p style=\"text-align: justify;\">Je veux une \u00e9cole ou l&rsquo;on met les moyens\u00a0n\u00e9cessaires\u00a0pour permettre d&rsquo;\u00e9duquer, de qualifier et d&rsquo;\u00e9manciper. Une \u00e9cole qui, si elle veut int\u00e9grer les enfants diff\u00e9rents dispose des personnels form\u00e9s, n\u00e9cessaires\u00a0\u00e0 cela, mais aussi une Education Nationale qui soit un mod\u00e8le et qui ne fasse pas travailler les gens dans la pr\u00e9carit\u00e9 .<\/p>\n<p style=\"text-align: justify;\">Pour que les enfants se sentent bien, ceux qui les entourent doivent, eux aussi, se sentir bien. La refondation de notre \u00e9cole est li\u00e9e \u00e0 la refondation de notre soci\u00e9t\u00e9.<\/p>\n<p style=\"text-align: justify;\">Vous pouvez trouver ci dessous le tract du Front de Gauche, distribu\u00e9 hier, et qui lance des propositions alternatives \u00e0 ce sujet.<\/p>\n<p style=\"text-align: justify;\"><a href=\"https:\/\/blog-corbeil-essonnes.fr\/WordPress3\/wp-content\/uploads\/2013\/02\/FdG-Matos-Tract-130212-Educat%C2%B0-.pdf\" target=\"_blank\">Tract du Front de Gauche sur l&rsquo;education<\/a><\/p>\n<p style=\"text-align: justify;\"><a href=\"https:\/\/blog-corbeil-essonnes.fr\/WordPress3\/2013\/01\/26\/motion-de-soutien-aux-parents-deleves-et-aux-enseignants-des-ecoles-primaires-de-corbeil-essonnes\/\" target=\"_blank\">Motion de soutien sur le non remplacement \u00a0des \u00e9lus FDG de Corbeil-Essonnes<\/a><\/p>\n","protected":false},"excerpt":{"rendered":"<p>Hier apr\u00e8s midi, je me trouvais aupr\u00e8s des enseignants, personnels des collectivit\u00e9s territoriales et parents d&rsquo;\u00e9l\u00e8ves \u00e0 Paris pour manifester contre la r\u00e9forme des rythmes &hellip; <\/p>\n","protected":false},"author":2,"featured_media":0,"comment_status":"open","ping_status":"open","sticky":false,"template":"","format":"standard","meta":{"jetpack_post_was_ever_published":false,"jetpack_publicize_message":"","jetpack_is_tweetstorm":false,"jetpack_publicize_feature_enabled":true,"jetpack_social_post_already_shared":false,"jetpack_social_options":{"image_generator_settings":{"template":"highway","enabled":false}}},"categories":[4334,4318,1],"tags":[4425,4610,4445,4497],"jetpack_publicize_connections":[],"jetpack_featured_media_url":"","jetpack_sharing_enabled":true,"_links":{"self":[{"href":"https:\/\/blog-corbeil-essonnes.fr\/WordPress3\/wp-json\/wp\/v2\/posts\/12033"}],"collection":[{"href":"https:\/\/blog-corbeil-essonnes.fr\/WordPress3\/wp-json\/wp\/v2\/posts"}],"about":[{"href":"https:\/\/blog-corbeil-essonnes.fr\/WordPress3\/wp-json\/wp\/v2\/types\/post"}],"author":[{"embeddable":true,"href":"https:\/\/blog-corbeil-essonnes.fr\/WordPress3\/wp-json\/wp\/v2\/users\/2"}],"replies":[{"embeddable":true,"href":"https:\/\/blog-corbeil-essonnes.fr\/WordPress3\/wp-json\/wp\/v2\/comments?post=12033"}],"version-history":[{"count":0,"href":"https:\/\/blog-corbeil-essonnes.fr\/WordPress3\/wp-json\/wp\/v2\/posts\/12033\/revisions"}],"wp:attachment":[{"href":"https:\/\/blog-corbeil-essonnes.fr\/WordPress3\/wp-json\/wp\/v2\/media?parent=12033"}],"wp:term":[{"taxonomy":"category","embeddable":true,"href":"https:\/\/blog-corbeil-essonnes.fr\/WordPress3\/wp-json\/wp\/v2\/categories?post=12033"},{"taxonomy":"post_tag","embeddable":true,"href":"https:\/\/blog-corbeil-essonnes.fr\/WordPress3\/wp-json\/wp\/v2\/tags?post=12033"}],"curies":[{"name":"wp","href":"https:\/\/api.w.org\/{rel}","templated":true}]}}