{"id":12068,"date":"2013-02-26T10:53:12","date_gmt":"2013-02-26T09:53:12","guid":{"rendered":"http:\/\/blog-corbeil-essonnes.fr\/WordPress3\/?p=12068"},"modified":"2013-02-26T19:10:11","modified_gmt":"2013-02-26T18:10:11","slug":"corbeil-essonnes-debat-dorientation-budgetaire","status":"publish","type":"post","link":"https:\/\/blog-corbeil-essonnes.fr\/WordPress3\/2013\/02\/26\/corbeil-essonnes-debat-dorientation-budgetaire\/","title":{"rendered":"Corbeil-Essonnes : D\u00e9bat d&rsquo;orientation budg\u00e9taire"},"content":{"rendered":"<p><strong>Ci dessous mon intervention sur le d\u00e9bat d&rsquo;orientation budg\u00e9taire hier soir au conseil municipal de Corbeil-Essonnes.<\/strong><\/p>\n<p style=\"text-align: justify;\"><strong><\/strong><br \/>\nLa pr\u00e9paration du budget est un moment essentiel dans la vie des communes.\u00a0Mais comme le montre votre document cet exercice est intimement li\u00e9 aux d\u00e9cisions nationales prises en mati\u00e8res budg\u00e9taires. D\u00e9cisions nationales, elles-m\u00eames d\u00e9pendantes des trait\u00e9s europ\u00e9ens qui imposent l\u2019aust\u00e9rit\u00e9.<!--more--><\/p>\n<p style=\"text-align: justify;\">En 2012 a eu lieu dans notre pays un changement de majorit\u00e9. Ce fait politique a cr\u00e9er des attentes dans la population mais aussi chez les \u00e9lus des collectivit\u00e9s territoriales. Espoirs de changements permettant de mettre en place des politiques publiques qui r\u00e9pondent aux enjeux actuels sociaux, \u00e9cologiques et politiques.<\/p>\n<p style=\"text-align: justify;\">Aujourd\u2019hui que constatons nous\u00a0: la r\u00e9duction des d\u00e9penses publiques, le gel des dotations et la non compensation des transferts de charges aux collectivit\u00e9s se poursuivent. Ces dotations vont m\u00eame, vous nous le\u00a0dites dans votre note, diminuer en 2014 et 2015.<\/p>\n<p style=\"text-align: justify;\">Le dogme des 3% de d\u00e9ficit public cr\u00e9e dans le pays des restrictions\u00a0multiples : affaiblissement des services publics pour l\u2019Etat et les\u00a0collectivit\u00e9s. Mais aussi la baisse du pouvoir d\u2019achat g\u00e9n\u00e9r\u00e9 par les\u00a0hausses de la TVA, des prix du gaz et de l\u2019\u00e9lectricit\u00e9, des loyers, des\u00a0assurances, la non augmentation des salaires et l\u2019explosion\u00a0du ch\u00f4mage qui touchent\u00a0 directement la population.<\/p>\n<p style=\"text-align: justify;\">Cette explosion du\u00a0ch\u00f4mage nous pousse, comme avant nous la Gr\u00e8ce, l\u2019Espagne, le Portugal ou l\u2019Italie, vers la r\u00e9cession.\u00a0Bien s\u00fbr nous ne sommes pas\u00a0des cas isol\u00e9s sur notre plan\u00e8te, \u00e0 l\u2019image de l\u2019immense \u00ab\u00a0 mar\u00e9e\u00a0citoyenne\u00a0\u00bb en Espagne\u00a0samedi dernier, des peuples se r\u00e9voltent contre\u00a0l\u2019asphyxie \u00e9conomique que cr\u00e9e les politiques aust\u00e9ritaires en Europe.<\/p>\n<p style=\"text-align: justify;\">Pour nous, l\u2019aust\u00e9rit\u00e9 n\u2019est pas et ne sera jamais la solution, elle est un\u00a0facteur aggravant la crise syst\u00e9mique que nous subissons\u00a0aujourd\u2019hui. Aucun plan d\u2019aust\u00e9rit\u00e9 ne ram\u00e8nera jamais la croissance.<\/p>\n<p style=\"text-align: justify;\">Pourtant, dans l\u2019univers impitoyable de la finance et des march\u00e9s, une\u00a0partie peut \u00e9chapper \u00e0 la logique du profit pour peu que l\u2019on y mette de la\u00a0volont\u00e9 politique, ce sont les finances publiques et particuli\u00e8rement les finances locales.<br \/>\nC\u2019est l\u00e0 o\u00f9 peut s\u2019exercer l&rsquo;intelligence et la cr\u00e9ativit\u00e9 collective, pour r\u00e9tablir un peu de justice sociale, pour montrer que d\u2019autres chemins sont possibles, autres que ceux du renoncement et de l\u2019aust\u00e9rit\u00e9 ass\u00e9n\u00e9s par la pens\u00e9e dominante.<\/p>\n<p style=\"text-align: justify;\">Quelques pistes : L\u2019imp\u00f4t local sur les m\u00e9nages est injuste puisqu\u2019il ne tient pas compte des revenus, il faut le r\u00e9former. Autre id\u00e9e : D\u00e9velopper un imp\u00f4t adapt\u00e9 \u00e0 la taille des entreprises.<\/p>\n<p style=\"text-align: justify;\">Quant \u00e0 l\u2019emprunt tant d\u00e9cri\u00e9, c&rsquo;est acte de solidarit\u00e9 interg\u00e9n\u00e9rationnelle pour r\u00e9aliser un \u00e9quipement en \u00e9talant les paiements. \u00c9quipement que les g\u00e9n\u00e9rations futures utiliseront elles aussi, il n\u2019a donc rien de choquant \u00e0 ce qu\u2019elles participent \u00e0 sa r\u00e9alisation.<\/p>\n<p style=\"text-align: justify;\">La piste du budget participatif est importante, mais cela suppose d\u2019aller plus loin que de dispenser de simples informations, il faut susciter l\u2019envie de participer. Ce n\u2019est pas un chemin simple de d\u00e9battre de fonctionnement des budgets, d\u2019expliquer que certaines parties sont incompressibles et de ne pas laisser la parole confisqu\u00e9e par quelques fortes personnalit\u00e9s, mais c\u2019est un d\u00e9fi qu\u2019il nous faut relever pour changer vraiment.<\/p>\n<p style=\"text-align: justify;\">Nous pensons aussi qu\u2019il est urgent de r\u00e9tablir le service public partout o\u00f9 cela est possible, car il est le seul \u00e0 garantir l\u2019\u00e9galit\u00e9 r\u00e9publicaine. La sup\u00e9riorit\u00e9 du priv\u00e9 est un leurre, les comp\u00e9tences cela se recrute quand on ne les a pas. Nul n\u2019a prouv\u00e9 que le nombre de communes ou agglom\u00e9ration en France qui ont, par exemple, pris la d\u00e9cision de recr\u00e9er des r\u00e9gies publiques pour la gestion de l\u2019eau, ont perdu en qualit\u00e9. Au contraire, c\u2019est certainement ce qui en pousse de plus en plus aujourd\u2019hui \u00e0 faire ce choix. A ce sujet et pour finir vous avez d\u00fb trouver sur vos tables une petite carte de la fondation\u00a0 Dani\u00e8le Mitterrand,\u00a0\u00a0 je vous invite tous \u00e0, comme je le suis, \u00eatre signataire de la charte des porteurs d\u2019eau.<\/p>\n","protected":false},"excerpt":{"rendered":"<p>Ci dessous mon intervention sur le d\u00e9bat d&rsquo;orientation budg\u00e9taire hier soir au conseil municipal de Corbeil-Essonnes. La pr\u00e9paration du budget est un moment essentiel dans &hellip; <\/p>\n","protected":false},"author":2,"featured_media":0,"comment_status":"open","ping_status":"open","sticky":false,"template":"","format":"standard","meta":{"jetpack_post_was_ever_published":false,"jetpack_publicize_message":"","jetpack_is_tweetstorm":false,"jetpack_publicize_feature_enabled":true,"jetpack_social_post_already_shared":false,"jetpack_social_options":{"image_generator_settings":{"template":"highway","enabled":false}}},"categories":[4326,4311,4347],"tags":[4611,4414,4765],"jetpack_publicize_connections":[],"jetpack_featured_media_url":"","jetpack_sharing_enabled":true,"_links":{"self":[{"href":"https:\/\/blog-corbeil-essonnes.fr\/WordPress3\/wp-json\/wp\/v2\/posts\/12068"}],"collection":[{"href":"https:\/\/blog-corbeil-essonnes.fr\/WordPress3\/wp-json\/wp\/v2\/posts"}],"about":[{"href":"https:\/\/blog-corbeil-essonnes.fr\/WordPress3\/wp-json\/wp\/v2\/types\/post"}],"author":[{"embeddable":true,"href":"https:\/\/blog-corbeil-essonnes.fr\/WordPress3\/wp-json\/wp\/v2\/users\/2"}],"replies":[{"embeddable":true,"href":"https:\/\/blog-corbeil-essonnes.fr\/WordPress3\/wp-json\/wp\/v2\/comments?post=12068"}],"version-history":[{"count":0,"href":"https:\/\/blog-corbeil-essonnes.fr\/WordPress3\/wp-json\/wp\/v2\/posts\/12068\/revisions"}],"wp:attachment":[{"href":"https:\/\/blog-corbeil-essonnes.fr\/WordPress3\/wp-json\/wp\/v2\/media?parent=12068"}],"wp:term":[{"taxonomy":"category","embeddable":true,"href":"https:\/\/blog-corbeil-essonnes.fr\/WordPress3\/wp-json\/wp\/v2\/categories?post=12068"},{"taxonomy":"post_tag","embeddable":true,"href":"https:\/\/blog-corbeil-essonnes.fr\/WordPress3\/wp-json\/wp\/v2\/tags?post=12068"}],"curies":[{"name":"wp","href":"https:\/\/api.w.org\/{rel}","templated":true}]}}