{"id":12081,"date":"2013-03-01T11:06:52","date_gmt":"2013-03-01T10:06:52","guid":{"rendered":"http:\/\/blog-corbeil-essonnes.fr\/WordPress3\/?p=12081"},"modified":"2014-11-14T07:05:47","modified_gmt":"2014-11-14T06:05:47","slug":"poste-de-montconseil-lettre-a-monsieur-le-maire","status":"publish","type":"post","link":"https:\/\/blog-corbeil-essonnes.fr\/WordPress3\/2013\/03\/01\/poste-de-montconseil-lettre-a-monsieur-le-maire\/","title":{"rendered":"Poste de Montconseil , Lettre \u00e0 Monsieur le Maire"},"content":{"rendered":"<p>Madame Pascale Prigent \u00a0 \u00a0 \u00a0 \u00a0 \u00a0 \u00a0 \u00a0 \u00a0 \u00a0 \u00a0 \u00a0 \u00a0 \u00a0 \u00a0 \u00a0 \u00a0 \u00a0 \u00a0 \u00a0 Monsieur Jean-Pierre BECHTER<br \/>\nConseill\u00e8re Municipale \u00a0 \u00a0 \u00a0 \u00a0 \u00a0 \u00a0 \u00a0 \u00a0 \u00a0 \u00a0 \u00a0 \u00a0 \u00a0 \u00a0 \u00a0 \u00a0 \u00a0 \u00a0 \u00a0 \u00a0 \u00a0 Maire de Corbeil-Essonnnes<br \/>\nde Corbeil-Essonnes \u00a0 \u00a0 \u00a0 \u00a0 \u00a0 \u00a0 \u00a0 \u00a0 \u00a0 \u00a0 \u00a0 \u00a0 \u00a0 \u00a0 \u00a0 \u00a0 \u00a0 \u00a0 \u00a0 \u00a0 \u00a0 \u00a0 \u00a0 2 place Galignani<br \/>\n91100 Corbeil-Essonnes<\/p>\n<p style=\"text-align: right;\">Corbeil-Essonnes le, 28 f\u00e9vrier 2013<\/p>\n<p style=\"text-align: left;\">Monsieur le Maire,<\/p>\n<p style=\"text-align: left;\">Les habitants de Montconseil sont aujourd\u2019hui, et ce depuis plusieurs semaines, priv\u00e9s d\u2019agence\u00a0postale.\u00a0Ils n\u2019ont aucune information concernant la dur\u00e9e de la fermeture de ce bureau install\u00e9 sur le centre\u00a0commercial du quartier.<!--more--><\/p>\n<p>Dans ce quartier se trouve un grand nombre personnes \u00e2g\u00e9es. Par ailleurs, de nombreux habitants ne\u00a0sont pas v\u00e9hicul\u00e9s, les lignes de bus sont peu attractives et difficiles d\u2019acc\u00e8s pour des personnes \u00e0\u00a0mobilit\u00e9 r\u00e9duite.<\/p>\n<p style=\"text-align: left;\">La communication passe si bien que sur les recommand\u00e9s les habitants trouvent toujours la vignette :\u00a0Agence postale de Montconseil.<\/p>\n<p>Ce bureau, lien social utile pour tous va-t-il rouvrir bient\u00f4t ?<br \/>\nLa population n\u2019aurait-elle pas pu \u00eatre mieux inform\u00e9e ?<\/p>\n<p style=\"text-align: left;\">Monsieur le Maire, pourriez-vous informer rapidement les habitants de l\u2019avenir de cette agence\u00a0postale, ce service leur est n\u00e9cessaire. Tous les quartiers de notre ville doivent b\u00e9n\u00e9ficier de la m\u00eame qualit\u00e9 de service.<\/p>\n<p style=\"text-align: justify;\">Je vous prie de Croire, Monsieur le Maire, en l\u2019assurance de mes salutations les meilleures.<\/p>\n<p style=\"text-align: right;\">Pascale Prigent<br \/>\nConseill\u00e8re municipale<\/p>\n","protected":false},"excerpt":{"rendered":"<p>Madame Pascale Prigent \u00a0 \u00a0 \u00a0 \u00a0 \u00a0 \u00a0 \u00a0 \u00a0 \u00a0 \u00a0 \u00a0 \u00a0 \u00a0 \u00a0 \u00a0 \u00a0 \u00a0 \u00a0 \u00a0 Monsieur Jean-Pierre BECHTER &hellip; <\/p>\n","protected":false},"author":2,"featured_media":0,"comment_status":"open","ping_status":"open","sticky":false,"template":"","format":"standard","meta":{"jetpack_post_was_ever_published":false,"jetpack_publicize_message":"","jetpack_is_tweetstorm":false,"jetpack_publicize_feature_enabled":true,"jetpack_social_post_already_shared":false,"jetpack_social_options":{"image_generator_settings":{"template":"highway","enabled":false}}},"categories":[4311,4350],"tags":[4364,4382,4612],"jetpack_publicize_connections":[],"jetpack_featured_media_url":"","jetpack_sharing_enabled":true,"_links":{"self":[{"href":"https:\/\/blog-corbeil-essonnes.fr\/WordPress3\/wp-json\/wp\/v2\/posts\/12081"}],"collection":[{"href":"https:\/\/blog-corbeil-essonnes.fr\/WordPress3\/wp-json\/wp\/v2\/posts"}],"about":[{"href":"https:\/\/blog-corbeil-essonnes.fr\/WordPress3\/wp-json\/wp\/v2\/types\/post"}],"author":[{"embeddable":true,"href":"https:\/\/blog-corbeil-essonnes.fr\/WordPress3\/wp-json\/wp\/v2\/users\/2"}],"replies":[{"embeddable":true,"href":"https:\/\/blog-corbeil-essonnes.fr\/WordPress3\/wp-json\/wp\/v2\/comments?post=12081"}],"version-history":[{"count":0,"href":"https:\/\/blog-corbeil-essonnes.fr\/WordPress3\/wp-json\/wp\/v2\/posts\/12081\/revisions"}],"wp:attachment":[{"href":"https:\/\/blog-corbeil-essonnes.fr\/WordPress3\/wp-json\/wp\/v2\/media?parent=12081"}],"wp:term":[{"taxonomy":"category","embeddable":true,"href":"https:\/\/blog-corbeil-essonnes.fr\/WordPress3\/wp-json\/wp\/v2\/categories?post=12081"},{"taxonomy":"post_tag","embeddable":true,"href":"https:\/\/blog-corbeil-essonnes.fr\/WordPress3\/wp-json\/wp\/v2\/tags?post=12081"}],"curies":[{"name":"wp","href":"https:\/\/api.w.org\/{rel}","templated":true}]}}