{"id":12268,"date":"2013-05-22T16:24:24","date_gmt":"2013-05-22T15:24:24","guid":{"rendered":"http:\/\/blog-corbeil-essonnes.fr\/WordPress3\/?p=12268"},"modified":"2014-11-13T18:45:50","modified_gmt":"2014-11-13T17:45:50","slug":"2014-cest-bientot-le-30-mai-tous-a-la-bourse-du-travail-a-corbeil-essonnes","status":"publish","type":"post","link":"https:\/\/blog-corbeil-essonnes.fr\/WordPress3\/2013\/05\/22\/2014-cest-bientot-le-30-mai-tous-a-la-bourse-du-travail-a-corbeil-essonnes\/","title":{"rendered":"2014 c&rsquo;est bient\u00f4t , le 30 mai tous \u00e0 la Bourse du Travail \u00e0 Corbeil-Essonnes"},"content":{"rendered":"<p style=\"text-align: justify;\">Le Front de Gauche de Corbeil-Essonnes organise le Jeudi 30 mai \u00e0 20 heures une grande r\u00e9union publique , si le th\u00e8me peut para\u00eetre compliqu\u00e9, la fa\u00e7on de l&rsquo;aborder ne le sera pas.<\/p>\n<p style=\"text-align: justify;\">Cette r\u00e9union que je co-organise avec mes camarades du Front de Gauche (Michel Nouaille, Nicole Meresse &#8230;..) a plusieurs objectifs.<!--more--><\/p>\n<p style=\"text-align: justify;\">En effet parler de d\u00e9centralisation nous para\u00eet essentiel aujourd&rsquo;hui. La r\u00e9union se d\u00e9roulera le 30 mai, date \u00e0 laquelle le s\u00e9nat commencera l&rsquo;\u00e9tude des textes de l&rsquo;acte 3 de la d\u00e9centralisation. \u00a0Cet acte 3 m\u00eame coup\u00e9 en 3 textes va \u00e9loigner le citoyen des d\u00e9cisions et aura un r\u00e9el impact sur la vie de nos communes et de leurs habitants.<\/p>\n<p style=\"text-align: justify;\">L&rsquo;an prochain auront lieu deux \u00e9lections , l &lsquo;une Europ\u00e9enne et l&rsquo;autre Municipale. Il ne serait pas s\u00e9rieux de pr\u00e9tendre \u00e0 moins d&rsquo;un an de cette \u00e9lection municipale-intercommunale pouvoir se lancer dans un travail programmatique sans connaitre les textes , ce qu&rsquo;ils vont nous imposer , ce que nous pourrons faire et surtout comment mener dans ces conditions un programme de Gauche dans une commune.<\/p>\n<p style=\"text-align: justify;\">Nous avons invit\u00e9 pour nous aider \u00e0 mieux saisir cela, \u00a0<a href=\"http:\/\/t.co\/UE13tFyRpC\">Eric Coquerel\u00a0<\/a>conseiller r\u00e9gional et secr\u00e9taire national du Parti de Gauche et <a href=\"http:\/\/monchampigny.blogencommun.fr\/2011-05-interview-de-dominique-adenot-sur-idf1\/\">Dominique Adenot\u00a0<\/a>\u00a0Maire de Champigny-sur-Marne et Pr\u00e9sident de l&rsquo;ANECR(Association des \u00e9lus communistes et r\u00e9publicains) .<\/p>\n<p style=\"text-align: justify;\">Vous pouvez t\u00e9l\u00e9charger le tract de la r\u00e9union<\/p>\n<p style=\"text-align: justify;\"><strong>Texte du tract :<\/strong><\/p>\n<p><strong>En mars 2014, se d\u00e9rouleront les \u00e9lections municipales.\u00a0Alors que leurs ressources diminuent, les communes sont\u00a0directement touch\u00e9es par les effets de la crise \u00e9conomique et\u00a0sociale et les difficult\u00e9s croissantes que connaissent les\u00a0habitants. Les prochaines lois de d\u00e9centralisation risquent de leur\u00a0retirer de nouvelles responsabilit\u00e9s et d\u2019\u00e9loigner encore davantage\u00a0les lieux de d\u00e9cisions des citoyens.\u00a0<\/strong><\/p>\n<p><strong><em id=\"__mceDel\"><\/em><em id=\"__mceDel\"><\/em><em id=\"__mceDel\"><\/em>Dans ce nouveau contexte \u00e9conomique et institutionnel, que\u00a0signifie mener une politique municipale de gauche ? C\u2019est ce \u00e0\u00a0quoi, nous vous invitons de d\u00e9battre autour des questions\u00a0suivantes et d\u2019autres :\u00a0<\/strong><\/p>\n<p><strong>&#8211; Un nombre croissant d\u2019habitants est\u00a0au ch\u00f4mage, en situation, de\u00a0pr\u00e9carit\u00e9, un locataire sur quatre\u00a0craint l\u2019expulsion : quelle politique\u00a0sociale (aide sociale, logement,\u00a0\u00e9ducation, sant\u00e9, culture\u2026 ?).\u00a0<\/strong><\/p>\n<p><strong>&#8211; Comment une commune, une\u00a0agglom\u00e9ration peuvent-elles aider \u00e0\u00a0relancer, d\u00e9velopper l\u2019emploi,\u00a0l\u2019activit\u00e9 \u00e9conomique ?\u00a0<\/strong><\/p>\n<p><strong>&#8211; Les communes, les agglom\u00e9rations,\u00a0le d\u00e9partement, la r\u00e9gion, Paris\u00a0m\u00e9tropole : comment consolider la\u00a0citoyennet\u00e9 et le vivre ensemble ?<\/strong><\/p>\n<p>N&rsquo;h\u00e9sitez pas \u00e0 venir en d\u00e9battre avec nous , au Front de Gauche nous l&rsquo;affirmons haut et fort citoyens :<strong> PRENEZ LE POUVOIR<\/strong><\/p>\n<p>&nbsp;<\/p>\n","protected":false},"excerpt":{"rendered":"<p>Le Front de Gauche de Corbeil-Essonnes organise le Jeudi 30 mai \u00e0 20 heures une grande r\u00e9union publique , si le th\u00e8me peut para\u00eetre compliqu\u00e9, &hellip; <\/p>\n","protected":false},"author":2,"featured_media":0,"comment_status":"open","ping_status":"open","sticky":false,"template":"","format":"standard","meta":{"jetpack_post_was_ever_published":false,"jetpack_publicize_message":"","jetpack_is_tweetstorm":false,"jetpack_publicize_feature_enabled":true,"jetpack_social_post_already_shared":false,"jetpack_social_options":{"image_generator_settings":{"template":"highway","enabled":false}}},"categories":[4312,4345,1],"tags":[4757,4619,4598,4760,4398,4620,4402,4765],"jetpack_publicize_connections":[],"jetpack_featured_media_url":"","jetpack_sharing_enabled":true,"_links":{"self":[{"href":"https:\/\/blog-corbeil-essonnes.fr\/WordPress3\/wp-json\/wp\/v2\/posts\/12268"}],"collection":[{"href":"https:\/\/blog-corbeil-essonnes.fr\/WordPress3\/wp-json\/wp\/v2\/posts"}],"about":[{"href":"https:\/\/blog-corbeil-essonnes.fr\/WordPress3\/wp-json\/wp\/v2\/types\/post"}],"author":[{"embeddable":true,"href":"https:\/\/blog-corbeil-essonnes.fr\/WordPress3\/wp-json\/wp\/v2\/users\/2"}],"replies":[{"embeddable":true,"href":"https:\/\/blog-corbeil-essonnes.fr\/WordPress3\/wp-json\/wp\/v2\/comments?post=12268"}],"version-history":[{"count":0,"href":"https:\/\/blog-corbeil-essonnes.fr\/WordPress3\/wp-json\/wp\/v2\/posts\/12268\/revisions"}],"wp:attachment":[{"href":"https:\/\/blog-corbeil-essonnes.fr\/WordPress3\/wp-json\/wp\/v2\/media?parent=12268"}],"wp:term":[{"taxonomy":"category","embeddable":true,"href":"https:\/\/blog-corbeil-essonnes.fr\/WordPress3\/wp-json\/wp\/v2\/categories?post=12268"},{"taxonomy":"post_tag","embeddable":true,"href":"https:\/\/blog-corbeil-essonnes.fr\/WordPress3\/wp-json\/wp\/v2\/tags?post=12268"}],"curies":[{"name":"wp","href":"https:\/\/api.w.org\/{rel}","templated":true}]}}