{"id":12362,"date":"2013-06-17T11:05:53","date_gmt":"2013-06-17T10:05:53","guid":{"rendered":"http:\/\/blog-corbeil-essonnes.fr\/WordPress3\/?p=12362"},"modified":"2014-10-10T17:43:54","modified_gmt":"2014-10-10T16:43:54","slug":"villeneuve-sur-lot-le-ps-va-til-un-jour-ouvrir-les-yeux","status":"publish","type":"post","link":"https:\/\/blog-corbeil-essonnes.fr\/WordPress3\/2013\/06\/17\/villeneuve-sur-lot-le-ps-va-til-un-jour-ouvrir-les-yeux\/","title":{"rendered":"Villeneuve-Sur-Lot le PS va t&rsquo;il un jour ouvrir les yeux&#8230;"},"content":{"rendered":"<p style=\"text-align: justify;\">Depuis ce matin on entend beaucoup parler de l&rsquo;\u00e9limination du PS dans la l\u00e9gislative partielle de Villeneuve-sur-Lot.<\/p>\n<p style=\"text-align: justify;\">Or ce que j&rsquo;entends est loin de me rassurer. Le PS non comptant de perdre toutes les partielles ces derni\u00e8res semaines continue de rejeter la faute sur les autres. Depuis ce matin ce sont les \u00ab\u00a0vilains\u00a0\u00bb \u00e9cologistes qui en sont la cible. Pourtant en Juin 2012 les \u00e9cologistes \u00e9taient d\u00e9j\u00e0 pr\u00e9sents et r\u00e9alisaient un score comparable ( 60 voix de plus qu&rsquo;hier) . La seule r\u00e9ponse de Monsieur H D\u00e9sir, le patron des Solf\u00e9riniens, est donc une atteinte \u00e0 la d\u00e9mocratie, puisqu&rsquo;il demande aux autres de ne pas se pr\u00e9senter et de ne pas d\u00e9fendre leurs id\u00e9es.<\/p>\n<p style=\"text-align: justify;\">Reprenons justement les chiffres cela nous montrera l&rsquo;ampleur des d\u00e9g\u00e2ts pour la d\u00e9mocratie dans notre pays.<!--more-->Dans la Circonscription \u00a0de Villeneuve-Sur-Lot, le \u00a0PS perd en un an 14 790 voix,\u00a0 l&rsquo;UMP en perd 3575. Alors o\u00f9 sont pass\u00e9s tous ces \u00e9lecteurs ?<\/p>\n<p style=\"text-align: justify;\">Si pour l&rsquo;UMP il est probable qu&rsquo;on puisse en retrouver beaucoup dans les 986 voix suppl\u00e9mentaires obtenues par le FN, d\u00e9montrant que si la posture adopt\u00e9e par ce parti peut le faire arriver en t\u00eate elle est loin de le renforcer r\u00e9ellement, pour le PS l&rsquo;h\u00e9morragie est grande.<\/p>\n<p style=\"text-align: justify;\">Les candidats consid\u00e9r\u00e9s comme de gauche dans cette \u00e9lection totalisent-ils 14 790 voix ?\u00a0Non loin de l\u00e0, le score des \u00e9cologistes montr\u00e9s du doigt aurait-il permis un maintien au second tour, pas plus. Celui du FDG m\u00eame s&rsquo;il est plus qu&rsquo;honorable dans les circonstances actuelles aurait juste permis ce maintien. Soyons s\u00e9rieux cherchons de vraies r\u00e9ponses car au second tour de toute fa\u00e7on c&rsquo;\u00e9tait la B\u00e9r\u00e9zina .<\/p>\n<p style=\"text-align: justify;\">Si la personnalit\u00e9 de J\u00e9r\u00f4me Cahuzac localement a pu avoir une influence, elle ne suffit pas, loin de l\u00e0, \u00e0 apporter une r\u00e9ponse satisfaisante \u00e0 cet \u00e9chec du parti solf\u00e9rinien.<\/p>\n<p style=\"text-align: justify;\">Il n&rsquo;est pourtant pas difficile de voir o\u00f9 sont all\u00e9s les \u00e9lecteurs perdus. En juin 2012, 64,16% avaient vot\u00e9s, hier seul 45,88% se sont d\u00e9plac\u00e9s. Nous pouvons ajouter que le nombre de personnes venu mettre un bulletin blanc ou nul dans l&rsquo;urne a\u00a0 doubl\u00e9 passant de 817 \u00e0 1640.<\/p>\n<p style=\"text-align: justify;\">Avec ces chiffres il est aberrant de la part des dirigeants socialistes de se r\u00e9fugier derri\u00e8re la division de la \u00ab\u00a0Gauche\u00a0\u00bb.<\/p>\n<p style=\"text-align: justify;\">Les responsables politiques devraient plut\u00f4t chercher pourquoi les gens restent chez eux en aussi grand nombre et pourquoi autant se sont d\u00e9plac\u00e9s pour mettre un bulletin blanc, et r\u00e9fl\u00e9chir \u00e0 ce qui les poussent \u00e0 agir ainsi .<\/p>\n<p style=\"text-align: justify;\">Cette \u00e9lection est malheureusement une preuve de plus, notre d\u00e9mocratie est malade. Les habitants de notre pays n&rsquo;en peuvent plus de voir des technocrates bien r\u00e9mun\u00e9r\u00e9s leur dire qu&rsquo;il faudra qu&rsquo;ils travaillent plus pour gagner moins, pendant qu&rsquo;eux continueront \u00e0 se remplir les poches. Arr\u00eater de dire \u00e0 ceux qui comptent chaque sou pour s&rsquo;en sortir tous les mois qu&rsquo;il faut qu&rsquo;ils fassent des efforts , c&rsquo;est impossible \u00e0 entendre et de toute fa\u00e7on impossible \u00e0 faire.<\/p>\n<p style=\"text-align: justify;\">Dernier exemple en date, les retraites. Quelques \u00ab\u00a0belles\u00a0\u00bb personnes tr\u00e8s bien r\u00e9mun\u00e9r\u00e9es qui pourront toucher une belle retraite et m\u00eame parfois en cumuler deux belles, nous pondent un rapport ou comme d&rsquo;habitude le pauvre petit travailleur va devoir faire des efforts et cotiser plus longtemps. Stop ! Cela suffit maintenant. Que les donneurs de le\u00e7ons essaient de vivre comme nous avant de parler.<\/p>\n<p style=\"text-align: justify;\">Notre d\u00e9mocratie est malade, mais les gens n&rsquo;expriment pas vraiment leur volont\u00e9 d&rsquo;autres choses, en s&rsquo;abstenant ils grossissent le lit de ceux qui baissent les bras, du moins pour ceux qui les regardent d&rsquo;en haut.<\/p>\n<p style=\"text-align: justify;\">Mais il y a des causes dans notre cinqui\u00e8me r\u00e9publique \u00e0 cette abstention galopante.\u00a0Les modes de scrutins ne permettent pas aux gens de voir leur vote comme \u00a0efficace. On leur rab\u00e2che de voter utile, mais dites le moi, \u00e7a veut dire quoi voter utile ? On cache les d\u00e9g\u00e2ts en \u00e9vitant juste le naufrage d&rsquo;un candidat qui n&rsquo;aurait de toute fa\u00e7on pas gagn\u00e9. Et s&rsquo;il avait gagn\u00e9 il aurait fait quelque chose d&rsquo;utile justement ou juste\u00a0\u00a0continuer \u00e0 nous mettre la t\u00eate sous l&rsquo;eau et \u00e0 nous faire crever.<\/p>\n<p style=\"text-align: justify;\">Le scrutin majoritaire ne permet pas l&rsquo;expression d&rsquo;un choix , il pousse au vote contre, seulement \u00e0 un moment on finit par avoir envie de voter contre tous ceux dont on nous dit qu&rsquo;ils peuvent gagner. L&rsquo;\u00e9lecteur lambda se retrouve donc face \u00e0 un choix : Faire un vote qu&rsquo;on lui dit inutile (puisqu&rsquo;il y en a un d&rsquo;utile) ou rester \u00e0 la maison. Lors d&rsquo;un scrutin proportionnel tous les votes comptent, on peut alors exprimer un choix.<\/p>\n<p style=\"text-align: justify;\">Parfois on entend les partis\u00a0 sont en crise ou que la population les rejette. Oh la la que c&rsquo;est simpliste comme vision. Des partis il y en a de tr\u00e8s nombreux en France et quand on additionne le nombre de leurs adh\u00e9rents, ils restent bien plus nombreux que celui\u00a0 de personnes qui s&rsquo;engagent en politique \u00e0 l&rsquo;ext\u00e9rieur des partis, l\u00e0 aussi pas assez nombreuses. Quand au d\u00e9gout, je dirai plut\u00f4t qu&rsquo;il s&rsquo;exprime vis \u00e0 vis des \u00ab\u00a0politiques \u00a0\u00bb \u00e0 cause de leurs actes plut\u00f4t que des organisations. Exemple les affaires, elles \u00e9coeurent les gens\u00a0 que leurs auteurs soient encart\u00e9s ou non dans un parti. Ce qui cr\u00e9e un foss\u00e9 entre la population et la politique, c&rsquo;est cette oligarchie qui nous dirige et nous \u00ab\u00a0manoeuvre\u00a0\u00bb pour son int\u00e9r\u00eat propre.<\/p>\n<p style=\"text-align: justify;\">\u00a0C&rsquo;est tout le syst\u00e8me qui est malade, tout le syst\u00e8me qui ne pousse pas les gens \u00e0 s&rsquo;engager quelque soit la forme de cet engagement. Cela ne veut pas dire que les partis existants soit parfaits, mais que ce n&rsquo;est pas la forme \u00ab\u00a0parti\u00a0\u00bb qui peut elle apporter en lien, en richesse de d\u00e9bat et d&rsquo;argumentation, qui est en cause. Disons comme dans tous les groupes qui se veulent d\u00e9mocratiques que ce qui fait un groupe ce sont les gens qui le composent.<\/p>\n<p style=\"text-align: justify;\">Par ailleurs quand certains d&rsquo;entre nous sont \u00e9lus-ues ce ne sont pas nos petites pr\u00e9occupations personnelles que nous venons d\u00e9fendre mais l&rsquo;int\u00e9r\u00eat g\u00e9n\u00e9ral , l&rsquo;int\u00e9r\u00eat du plus grand nombre. Chacun apporte sa pierre \u00e0 un travail collectif qui pour mon cas vise \u00e0 r\u00e9aliser un vrai changement de soci\u00e9t\u00e9.<\/p>\n<p>&nbsp;<\/p>\n<p>&nbsp;<\/p>\n<p>&nbsp;<\/p>\n","protected":false},"excerpt":{"rendered":"<p>Depuis ce matin on entend beaucoup parler de l&rsquo;\u00e9limination du PS dans la l\u00e9gislative partielle de Villeneuve-sur-Lot. Or ce que j&rsquo;entends est loin de me &hellip; <\/p>\n","protected":false},"author":2,"featured_media":0,"comment_status":"open","ping_status":"open","sticky":false,"template":"","format":"standard","meta":{"jetpack_post_was_ever_published":false,"jetpack_publicize_message":"","jetpack_is_tweetstorm":false,"jetpack_publicize_feature_enabled":true,"jetpack_social_post_already_shared":false,"jetpack_social_options":{"image_generator_settings":{"template":"highway","enabled":false}}},"categories":[4311,4502,4312,4318,1,4330,4331,4328],"tags":[4371,4778,4758,4632,4631,4439,4633],"jetpack_publicize_connections":[],"jetpack_featured_media_url":"","jetpack_sharing_enabled":true,"_links":{"self":[{"href":"https:\/\/blog-corbeil-essonnes.fr\/WordPress3\/wp-json\/wp\/v2\/posts\/12362"}],"collection":[{"href":"https:\/\/blog-corbeil-essonnes.fr\/WordPress3\/wp-json\/wp\/v2\/posts"}],"about":[{"href":"https:\/\/blog-corbeil-essonnes.fr\/WordPress3\/wp-json\/wp\/v2\/types\/post"}],"author":[{"embeddable":true,"href":"https:\/\/blog-corbeil-essonnes.fr\/WordPress3\/wp-json\/wp\/v2\/users\/2"}],"replies":[{"embeddable":true,"href":"https:\/\/blog-corbeil-essonnes.fr\/WordPress3\/wp-json\/wp\/v2\/comments?post=12362"}],"version-history":[{"count":0,"href":"https:\/\/blog-corbeil-essonnes.fr\/WordPress3\/wp-json\/wp\/v2\/posts\/12362\/revisions"}],"wp:attachment":[{"href":"https:\/\/blog-corbeil-essonnes.fr\/WordPress3\/wp-json\/wp\/v2\/media?parent=12362"}],"wp:term":[{"taxonomy":"category","embeddable":true,"href":"https:\/\/blog-corbeil-essonnes.fr\/WordPress3\/wp-json\/wp\/v2\/categories?post=12362"},{"taxonomy":"post_tag","embeddable":true,"href":"https:\/\/blog-corbeil-essonnes.fr\/WordPress3\/wp-json\/wp\/v2\/tags?post=12362"}],"curies":[{"name":"wp","href":"https:\/\/api.w.org\/{rel}","templated":true}]}}