{"id":12508,"date":"2013-09-01T17:12:49","date_gmt":"2013-09-01T16:12:49","guid":{"rendered":"http:\/\/blog-corbeil-essonnes.fr\/WordPress3\/?p=12508"},"modified":"2014-10-18T10:10:23","modified_gmt":"2014-10-18T09:10:23","slug":"un-week-end-riche-et-charge-sous-le-ciel-de-grenoble","status":"publish","type":"post","link":"https:\/\/blog-corbeil-essonnes.fr\/WordPress3\/2013\/09\/01\/un-week-end-riche-et-charge-sous-le-ciel-de-grenoble\/","title":{"rendered":"Un week-end riche et charg\u00e9 sous le ciel de Grenoble"},"content":{"rendered":"<p style=\"text-align: justify;\">Le week end pass\u00e9 j&rsquo;ai particip\u00e9 aux Remues M\u00e9ninges du Parti de Gauche puis aux Estivales du Front de Gauche \u00e0 Grenoble.<\/p>\n<p style=\"text-align: justify;\">Comme les ann\u00e9es pr\u00e9c\u00e9dentes, ce fut un moment formateur, enrichissant et tr\u00e8s motivant. Des d\u00e9bats sur les \u00a0municipales, les enjeux \u00e0 gauche, l&rsquo;Europe, le logement, et bien d&rsquo;autres encore ont rythm\u00e9 mes journ\u00e9es.<!--more--><\/p>\n<p style=\"text-align: justify;\">Ce type de rencontre est pour le militant un vrai plus, tant sur le plan des acquis que sur le plan humain. Je reste encore marquer par les rencontres des camarades venus de toute la France, les moments partag\u00e9s, les \u00e9changes.<\/p>\n<p style=\"text-align: justify;\">En arrivant le mercredi midi, alors que nos Remues M\u00e9ninges ne commen\u00e7aient que le jeudi, je fis un petit tour au fort de la Bastille qui surplombe la ville de Grenoble. Les vues magnifiques, les souterrains et les montagnes m&rsquo;ont permis de me d\u00e9tendre un peu. En effet, comme de nombreux fran\u00e7ais je ne suis pas partie en vacances cet \u00e9t\u00e9, et ce petit apr\u00e8s midi touristique m&rsquo;a fait le plus grand bien.<\/p>\n<p style=\"text-align: justify;\">Le jeudi matin, ce fut le moment de retrouver les camarades, qui, les uns apr\u00e8s les autres arrivaient valises \u00e0 la main,\u00a0contents de se retrouver apr\u00e8s un peu de repos. Les petites discussions o\u00f9 l&rsquo;on \u00e9voque les derni\u00e8res semaines nous mettent de bonne humeur.<\/p>\n<p style=\"text-align: justify;\">D\u00e8s l&rsquo;apr\u00e8s midi les ateliers commencent. Pour moi, ce sera \u00ab\u00a0<a href=\"http:\/\/www.dailymotion.com\/video\/x141gzj_remue-meninges-2013-de-la-crise-du-logement-a-un-programme-de-rupture-1ere-partie_news\">De la crise du logement \u00e0 un programme de rupture\u00a0\u00bb.<\/a> Apr\u00e8s une premi\u00e8re partie bilan de la situation, nous abordons les pistes pour une vraie politique de Gauche du logement. Vous pouvez visionner cet atelier \u00a0sur Daily motion (en 2 parties).<\/p>\n<p style=\"text-align: justify;\">Apr\u00e8s, ce fut la conf\u00e9rence de Jean-Luc M\u00e9lenchon sur la r\u00e9volution citoyenne. Un grand moment, passionnant et extr\u00eamement stimulant pour les militants pr\u00e9sents.<\/p>\n<p style=\"text-align: justify;\">\u00a0<br \/>Vendredi, apr\u00e8s 3 heures de travail sur le vivre ensemble, je suivis une captivante formation sur \u00ab\u00a0la Nation, l&rsquo;expression de la r\u00e9volution\u00a0\u00bb. Cela fait toujours du bien de r\u00e9fl\u00e9chir au regard de l&rsquo;histoire \u00e0 certains concepts.<\/p>\n<p style=\"text-align: justify;\">\u00a0<\/p>\n<p style=\"text-align: justify;\">Je me suis ensuite accord\u00e9 une petite pause avant le<a href=\"http:\/\/www.lepartidegauche.fr\/lateledegauche\/conference\/discours-jean-luc-melenchon-au-remue-meninge-le-23-08-13-24575\"> meeting de cl\u00f4ture de ce remue m\u00e9ninges <\/a>o\u00f9 l&rsquo;\u00e9mouvante intervention de Basma\u00a0Khalfaoui , l&rsquo;\u00e9pouse du leader tunisien Chokri Belaid assassin\u00e9 r\u00e9cemment, me laisse encore des frissons.<\/p>\n<p style=\"text-align: justify;\">\u00a0<\/p>\n<p style=\"text-align: justify;\">Le samedi nous changeons, voici les Estivales du Front de Gauche. Des camarades des autres composantes nous rejoignent \u00a0pour des d\u00e9bats, l\u00e0 aussi,passionnants. Personnellement, j&rsquo;en ai suivi 3 dans la journ\u00e9e. Tout d&rsquo;abord <a href=\"http:\/\/www.lepartidegauche.fr\/lateledegauche\/conference\/estivales-2013-estivales-la-gauche-aujourdhui-24678\">\u00ab\u00a0la Gauche aujourd&rsquo;hui\u00a0\u00bb<\/a> que vous pouvez retrouver sur la t\u00e9l\u00e9 de Gauche. Les \u00e9changes sur le comportement \u00e0 avoir face \u00e0 un gouvernement solf\u00e9rinien qui ne fait pas une politique de gauche ont \u00e9t\u00e9 tr\u00e8s dynamiques.<\/p>\n<p style=\"text-align: justify;\">L&rsquo;apr\u00e8s midi, j&rsquo;encha\u00eenais un d\u00e9bat sur \u00ab\u00a0Quelle Europe politique et d\u00e9mocratique?\u00a0\u00bb, qui \u00e0 quelques mois des \u00e9lections europ\u00e9ennes me paraissait tr\u00e8s important \u00e0 suivre. Le titre de mon dernier atelier de la journ\u00e9e parlait de lui m\u00eame \u00a0\u00bb Une politique municipale de Gauche nous on peut !\u00a0\u00bb<\/p>\n<p style=\"text-align: justify;\">\u00a0Le dimanche ce fut la table ronde sur \u00ab\u00a0un an apr\u00e8s le 6 mai &#8230;\u00a0\u00bbet les discours de cl\u00f4tures des composantes. Puis il faut dire au revoir aux copains, et attendre de se revoir le plus vite possible, dans les luttes comme le 10 septembre en manifestant contre l&rsquo;insupportable et injuste r\u00e9forme des retraites.<\/p>\n<p style=\"text-align: justify;\">J&rsquo;ai vraiment pass\u00e9 de bons moments et je vous conseille les vid\u00e9os de la t\u00e9l\u00e9 de Gauche qui relatent ces moments.<\/p>\n","protected":false},"excerpt":{"rendered":"<p>Le week end pass\u00e9 j&rsquo;ai particip\u00e9 aux Remues M\u00e9ninges du Parti de Gauche puis aux Estivales du Front de Gauche \u00e0 Grenoble. Comme les ann\u00e9es &hellip; <\/p>\n","protected":false},"author":2,"featured_media":0,"comment_status":"open","ping_status":"open","sticky":false,"template":"","format":"standard","meta":{"jetpack_post_was_ever_published":false,"jetpack_publicize_message":"","jetpack_is_tweetstorm":false,"jetpack_publicize_feature_enabled":true,"jetpack_social_post_already_shared":false,"jetpack_social_options":{"image_generator_settings":{"template":"highway","enabled":false}}},"categories":[1],"tags":[4598,4644,4396,4645,4766,4763,4395],"jetpack_publicize_connections":[],"jetpack_featured_media_url":"","jetpack_sharing_enabled":true,"_links":{"self":[{"href":"https:\/\/blog-corbeil-essonnes.fr\/WordPress3\/wp-json\/wp\/v2\/posts\/12508"}],"collection":[{"href":"https:\/\/blog-corbeil-essonnes.fr\/WordPress3\/wp-json\/wp\/v2\/posts"}],"about":[{"href":"https:\/\/blog-corbeil-essonnes.fr\/WordPress3\/wp-json\/wp\/v2\/types\/post"}],"author":[{"embeddable":true,"href":"https:\/\/blog-corbeil-essonnes.fr\/WordPress3\/wp-json\/wp\/v2\/users\/2"}],"replies":[{"embeddable":true,"href":"https:\/\/blog-corbeil-essonnes.fr\/WordPress3\/wp-json\/wp\/v2\/comments?post=12508"}],"version-history":[{"count":0,"href":"https:\/\/blog-corbeil-essonnes.fr\/WordPress3\/wp-json\/wp\/v2\/posts\/12508\/revisions"}],"wp:attachment":[{"href":"https:\/\/blog-corbeil-essonnes.fr\/WordPress3\/wp-json\/wp\/v2\/media?parent=12508"}],"wp:term":[{"taxonomy":"category","embeddable":true,"href":"https:\/\/blog-corbeil-essonnes.fr\/WordPress3\/wp-json\/wp\/v2\/categories?post=12508"},{"taxonomy":"post_tag","embeddable":true,"href":"https:\/\/blog-corbeil-essonnes.fr\/WordPress3\/wp-json\/wp\/v2\/tags?post=12508"}],"curies":[{"name":"wp","href":"https:\/\/api.w.org\/{rel}","templated":true}]}}