{"id":12608,"date":"2013-09-19T12:40:38","date_gmt":"2013-09-19T11:40:38","guid":{"rendered":"http:\/\/blog-corbeil-essonnes.fr\/WordPress3\/?p=12608"},"modified":"2014-10-18T10:19:48","modified_gmt":"2014-10-18T09:19:48","slug":"corbeil-essonnes-solidaire-et-citoyenne-invitation","status":"publish","type":"post","link":"https:\/\/blog-corbeil-essonnes.fr\/WordPress3\/2013\/09\/19\/corbeil-essonnes-solidaire-et-citoyenne-invitation\/","title":{"rendered":"Corbeil-Essonnes solidaire et citoyenne  Invitation"},"content":{"rendered":"<p style=\"text-align: justify;\">Je relaie ce matin l&rsquo;invitation des \u00a0signataires de l&rsquo;appel Corbeil-Essonnes Solidaire et citoyenne et du Front de Gauche. Cette invitation ne concerne pas que les signataires, celles et ceux que notre d\u00e9marche int\u00e9ressent, peuvent nous rejoindre et venir participer \u00e0 cette construction.<!--more--><\/p>\n<p style=\"text-align: center;\">\u00a0\u00a0<\/p>\n<p style=\"text-align: center;\">\u00a0<\/p>\n","protected":false},"excerpt":{"rendered":"<p>Je relaie ce matin l&rsquo;invitation des \u00a0signataires de l&rsquo;appel Corbeil-Essonnes Solidaire et citoyenne et du Front de Gauche. Cette invitation ne concerne pas que les &hellip; <\/p>\n","protected":false},"author":2,"featured_media":0,"comment_status":"open","ping_status":"open","sticky":false,"template":"","format":"standard","meta":{"jetpack_post_was_ever_published":false,"jetpack_publicize_message":"","jetpack_is_tweetstorm":false,"jetpack_publicize_feature_enabled":true,"jetpack_social_post_already_shared":false,"jetpack_social_options":{"image_generator_settings":{"template":"highway","enabled":false}}},"categories":[4311],"tags":[4464,4757,4760,4398,4391,4765,4646],"jetpack_publicize_connections":[],"jetpack_featured_media_url":"","jetpack_sharing_enabled":true,"_links":{"self":[{"href":"https:\/\/blog-corbeil-essonnes.fr\/WordPress3\/wp-json\/wp\/v2\/posts\/12608"}],"collection":[{"href":"https:\/\/blog-corbeil-essonnes.fr\/WordPress3\/wp-json\/wp\/v2\/posts"}],"about":[{"href":"https:\/\/blog-corbeil-essonnes.fr\/WordPress3\/wp-json\/wp\/v2\/types\/post"}],"author":[{"embeddable":true,"href":"https:\/\/blog-corbeil-essonnes.fr\/WordPress3\/wp-json\/wp\/v2\/users\/2"}],"replies":[{"embeddable":true,"href":"https:\/\/blog-corbeil-essonnes.fr\/WordPress3\/wp-json\/wp\/v2\/comments?post=12608"}],"version-history":[{"count":0,"href":"https:\/\/blog-corbeil-essonnes.fr\/WordPress3\/wp-json\/wp\/v2\/posts\/12608\/revisions"}],"wp:attachment":[{"href":"https:\/\/blog-corbeil-essonnes.fr\/WordPress3\/wp-json\/wp\/v2\/media?parent=12608"}],"wp:term":[{"taxonomy":"category","embeddable":true,"href":"https:\/\/blog-corbeil-essonnes.fr\/WordPress3\/wp-json\/wp\/v2\/categories?post=12608"},{"taxonomy":"post_tag","embeddable":true,"href":"https:\/\/blog-corbeil-essonnes.fr\/WordPress3\/wp-json\/wp\/v2\/tags?post=12608"}],"curies":[{"name":"wp","href":"https:\/\/api.w.org\/{rel}","templated":true}]}}