{"id":12757,"date":"2014-01-01T12:31:51","date_gmt":"2014-01-01T11:31:51","guid":{"rendered":"http:\/\/blog-corbeil-essonnes.fr\/WordPress3\/?p=12757"},"modified":"2014-01-01T18:03:10","modified_gmt":"2014-01-01T17:03:10","slug":"une-annee-de-lutte-sannonce","status":"publish","type":"post","link":"https:\/\/blog-corbeil-essonnes.fr\/WordPress3\/2014\/01\/01\/une-annee-de-lutte-sannonce\/","title":{"rendered":"Une ann\u00e9e de lutte s&rsquo;annonce"},"content":{"rendered":"<p style=\"text-align: justify;\">Pour commencer , meilleurs voeux \u00e0 tous et \u00e0 toutes .<\/p>\n<p style=\"text-align: justify;\">2014 commence par\u00a0une augmentation de la TVA, cela n&rsquo;est pas vraiment un bon d\u00e9but. Plus de TVA c&rsquo;est moins de pouvoir d&rsquo;achat, en particulier pour ceux qui sont d\u00e9j\u00e0 en difficult\u00e9s aujourd&rsquo;hui.<!--more--><\/p>\n<p style=\"text-align: justify;\">Face \u00e0 cette situation \u00e9conomique, au nombre de ch\u00f4meurs qui augmente et aux diverses mesures qui nous plombent chaque jour le moral, le Front de Gauche est n\u00e9cessaire pour construire une alternative aux politiques d&rsquo;aust\u00e9rit\u00e9 actuelles.<\/p>\n<p style=\"text-align: justify;\">Il nous font donc nous battre pour d\u00e9fendre ce bien commun, le construire et le renforcer , le peuple en a besoin.<\/p>\n<p style=\"text-align: justify;\">Pour 2014, je vous souhaite donc aussi beaucoup de courage et de volont\u00e9 pour affronter les luttes qui nous attendent tous.<\/p>\n","protected":false},"excerpt":{"rendered":"<p>Pour commencer , meilleurs voeux \u00e0 tous et \u00e0 toutes . 2014 commence par\u00a0une augmentation de la TVA, cela n&rsquo;est pas vraiment un bon d\u00e9but. &hellip; <\/p>\n","protected":false},"author":2,"featured_media":0,"comment_status":"open","ping_status":"open","sticky":false,"template":"","format":"standard","meta":{"jetpack_post_was_ever_published":false,"jetpack_publicize_message":"","jetpack_is_tweetstorm":false,"jetpack_publicize_feature_enabled":true,"jetpack_social_post_already_shared":true,"jetpack_social_options":{"image_generator_settings":{"template":"highway","enabled":false}}},"categories":[1],"tags":[],"jetpack_publicize_connections":[],"jetpack_featured_media_url":"","jetpack_sharing_enabled":true,"_links":{"self":[{"href":"https:\/\/blog-corbeil-essonnes.fr\/WordPress3\/wp-json\/wp\/v2\/posts\/12757"}],"collection":[{"href":"https:\/\/blog-corbeil-essonnes.fr\/WordPress3\/wp-json\/wp\/v2\/posts"}],"about":[{"href":"https:\/\/blog-corbeil-essonnes.fr\/WordPress3\/wp-json\/wp\/v2\/types\/post"}],"author":[{"embeddable":true,"href":"https:\/\/blog-corbeil-essonnes.fr\/WordPress3\/wp-json\/wp\/v2\/users\/2"}],"replies":[{"embeddable":true,"href":"https:\/\/blog-corbeil-essonnes.fr\/WordPress3\/wp-json\/wp\/v2\/comments?post=12757"}],"version-history":[{"count":0,"href":"https:\/\/blog-corbeil-essonnes.fr\/WordPress3\/wp-json\/wp\/v2\/posts\/12757\/revisions"}],"wp:attachment":[{"href":"https:\/\/blog-corbeil-essonnes.fr\/WordPress3\/wp-json\/wp\/v2\/media?parent=12757"}],"wp:term":[{"taxonomy":"category","embeddable":true,"href":"https:\/\/blog-corbeil-essonnes.fr\/WordPress3\/wp-json\/wp\/v2\/categories?post=12757"},{"taxonomy":"post_tag","embeddable":true,"href":"https:\/\/blog-corbeil-essonnes.fr\/WordPress3\/wp-json\/wp\/v2\/tags?post=12757"}],"curies":[{"name":"wp","href":"https:\/\/api.w.org\/{rel}","templated":true}]}}