{"id":12832,"date":"2014-03-25T08:50:11","date_gmt":"2014-03-25T07:50:11","guid":{"rendered":"http:\/\/blog-corbeil-essonnes.fr\/WordPress3\/?p=12832"},"modified":"2014-10-10T10:48:10","modified_gmt":"2014-10-10T09:48:10","slug":"municipales-a-corbeil-essonnes-la-cle-du-changement-cest-vous","status":"publish","type":"post","link":"https:\/\/blog-corbeil-essonnes.fr\/WordPress3\/2014\/03\/25\/municipales-a-corbeil-essonnes-la-cle-du-changement-cest-vous\/","title":{"rendered":"Municipales \u00e0 Corbeil-Essonnes La cl\u00e9 du changement, c&rsquo;est vous !"},"content":{"rendered":"<p style=\"text-align: justify;\"><span style=\"font-size: 16px;\">Hier, dans l&rsquo;apr\u00e8s midi nous avons assist\u00e9 \u00e0 l&rsquo;\u00e9closion de La liste de deuxi\u00e8me tour \u00a0\u00bb La cl\u00e9 du changement c&rsquo;est vous\u00a0\u00bb \u00a0.<\/span><\/p>\n<p style=\"text-align: justify;\">En effet, hier les listes de Gauche du 1er tour, men\u00e9es l&rsquo;une par Bruno Piriou,\u00a0 l&rsquo;autre par Carlos Da Silva, ont fusionn\u00e9es et se pr\u00e9senteront donc ensemble au second tour.<!--more--><\/p>\n<p style=\"text-align: justify;\">C&rsquo;est dans le respect des r\u00e9sultats du premier tour et des suffrages accord\u00e9s \u00e0 chaque liste par les \u00e9lecteurs qu&rsquo;un accord a \u00e9t\u00e9\u00a0 trouv\u00e9.<\/p>\n<p style=\"text-align: justify;\">Il est temps aujourd&rsquo;hui de se mobiliser pour battre la droite Corbeil-Essonnoises\u00a0 et permettre un vrai changement de politique dans notre ville.<\/p>\n<p style=\"text-align: justify;\">Pour cela la liste qui a donc pour nom \u00a0\u00ab\u00a0La cl\u00e9 du changement c&rsquo;est vous\u00a0\u00bb a d\u00e9j\u00e0 re\u00e7u le soutien de Martine Soavi, seule femme t\u00eate de liste lors du 1er tour dont la liste \u00a0\u00bb Corbeil-Essonnes de toutes nos forces a r\u00e9alis\u00e9 4,71 % dimanche dernier.<\/p>\n<p style=\"text-align: justify;\">Corbeil-Essonnois-ses l&rsquo;avenir de notre commune est entre vos mains, alors Dimanche 30 mars, aider nous \u00e0 battre l&rsquo; UMP et son s\u00e9nateur symbole du capitalisme le plus destructeur, en votant pour \u00ab\u00a0La cl\u00e9 du changement c&rsquo;est vous\u00a0\u00bb liste men\u00e9e par Bruno Piriou.<\/p>\n<p>&nbsp;<\/p>\n<p>&nbsp;<\/p>\n<p>&nbsp;<\/p>\n","protected":false},"excerpt":{"rendered":"<p>Hier, dans l&rsquo;apr\u00e8s midi nous avons assist\u00e9 \u00e0 l&rsquo;\u00e9closion de La liste de deuxi\u00e8me tour \u00a0\u00bb La cl\u00e9 du changement c&rsquo;est vous\u00a0\u00bb \u00a0. En effet, &hellip; <\/p>\n","protected":false},"author":2,"featured_media":0,"comment_status":"open","ping_status":"open","sticky":false,"template":"","format":"standard","meta":{"jetpack_post_was_ever_published":false,"jetpack_publicize_message":"","jetpack_is_tweetstorm":false,"jetpack_publicize_feature_enabled":true,"jetpack_social_post_already_shared":true,"jetpack_social_options":{"image_generator_settings":{"template":"highway","enabled":false}}},"categories":[4311,4345,4659],"tags":[4762,4399,4757,4401,4656,4398,4765],"jetpack_publicize_connections":[],"jetpack_featured_media_url":"","jetpack_sharing_enabled":true,"_links":{"self":[{"href":"https:\/\/blog-corbeil-essonnes.fr\/WordPress3\/wp-json\/wp\/v2\/posts\/12832"}],"collection":[{"href":"https:\/\/blog-corbeil-essonnes.fr\/WordPress3\/wp-json\/wp\/v2\/posts"}],"about":[{"href":"https:\/\/blog-corbeil-essonnes.fr\/WordPress3\/wp-json\/wp\/v2\/types\/post"}],"author":[{"embeddable":true,"href":"https:\/\/blog-corbeil-essonnes.fr\/WordPress3\/wp-json\/wp\/v2\/users\/2"}],"replies":[{"embeddable":true,"href":"https:\/\/blog-corbeil-essonnes.fr\/WordPress3\/wp-json\/wp\/v2\/comments?post=12832"}],"version-history":[{"count":0,"href":"https:\/\/blog-corbeil-essonnes.fr\/WordPress3\/wp-json\/wp\/v2\/posts\/12832\/revisions"}],"wp:attachment":[{"href":"https:\/\/blog-corbeil-essonnes.fr\/WordPress3\/wp-json\/wp\/v2\/media?parent=12832"}],"wp:term":[{"taxonomy":"category","embeddable":true,"href":"https:\/\/blog-corbeil-essonnes.fr\/WordPress3\/wp-json\/wp\/v2\/categories?post=12832"},{"taxonomy":"post_tag","embeddable":true,"href":"https:\/\/blog-corbeil-essonnes.fr\/WordPress3\/wp-json\/wp\/v2\/tags?post=12832"}],"curies":[{"name":"wp","href":"https:\/\/api.w.org\/{rel}","templated":true}]}}