{"id":12894,"date":"2014-05-14T13:26:09","date_gmt":"2014-05-14T12:26:09","guid":{"rendered":"http:\/\/blog-corbeil-essonnes.fr\/WordPress3\/?p=12894"},"modified":"2014-11-13T18:26:35","modified_gmt":"2014-11-13T17:26:35","slug":"le-25-mai-on-vote","status":"publish","type":"post","link":"https:\/\/blog-corbeil-essonnes.fr\/WordPress3\/2014\/05\/14\/le-25-mai-on-vote\/","title":{"rendered":"Le 25 mai on vote !"},"content":{"rendered":"<p style=\"text-align: justify;\">\nLes \u00e9lections europ\u00e9ennes qui vont se d\u00e9rouler le 25 mai prochain ne nous auront laiss\u00e9 aucun r\u00e9pit . A peine la campagne des municipales termin\u00e9e, il a fallu se remettre au travail.<!--more--><\/p>\n<p style=\"text-align: justify;\">Je voudrais d&rsquo;abord rappeler comment se passe une \u00e9lection europ\u00e9enne.<\/p>\n<p style=\"text-align: justify;\">La France est pour cette occasion divis\u00e9e en 7 grandes circonscriptions \u00a0 \u00e9lectorales*,\u00a0plus l&rsquo;outremer. Notre pays envoie 74 d\u00e9put\u00e9s-\u00e9es au parlement europ\u00e9en pour 5 ans. C&rsquo;est un scrutin de liste \u00e0 la proportionnelle et il n&rsquo;y a qu&rsquo;un tour.\u00a0Autre particularit\u00e9 les bureaux de vote ferment \u00e0 22h.<\/p>\n<p style=\"text-align: justify;\">Pour l&rsquo;Ile de France la liste Front de Gauche que je soutiens est men\u00e9e par <strong>Patrick Le Hyaric et Raquel Garrido.\u00a0<\/strong><\/p>\n<p style=\"text-align: justify;\">Jusqu&rsquo;ici je n&rsquo;ai pas vraiment eu le temps de parler de notre campagne je vais m&rsquo;y attacher les jours prochains. Quelques points pour commencer.<\/p>\n<p style=\"text-align: justify;\">C&rsquo;est une campagne sur Grande r\u00e9gion , elle s&rsquo;organise donc comme son nom l&rsquo;indique plus au niveau de la r\u00e9gion.\u00a0Les fran\u00e7ais de l&rsquo;\u00e9tranger sont pour ce vote rattach\u00e9s \u00e0 l&rsquo;Ile de France.<\/p>\n<p style=\"text-align: justify;\">Nous avons plusieurs actions phares et un programme \u00ab\u00a0<a href=\"https:\/\/blog-corbeil-essonnes.fr\/WordPress3\/wp-content\/uploads\/2014\/05\/livre_europeennes-11.pdf\" target=\"_blank\">Rompre et refonder l&rsquo;Europe<\/a>\u00a0\u00bb , bien s\u00fbr nous discutons sur ces th\u00e8mes depuis plusieurs mois.<\/p>\n<p style=\"text-align: justify;\">Je reviendrais sur notre campagne plus en d\u00e9tails dans les jours qui viennent, c&rsquo;est une campagne \u00e9clair, vive , inventive et r\u00e9active.<\/p>\n<p>*Ile de France : 15 si\u00e8ges \u00e0 pourvoir<\/p>\n<p>Massif central-Centre : 5 si\u00e8ges \u00e0 Pourvoir<\/p>\n<p>Nord-Ouest: 10 si\u00e8ges \u00e0 pourvoir<\/p>\n<p>Ouest : 9 si\u00e8ges \u00e0 Pourvoir<\/p>\n<p>Sud Ouest:10 si\u00e8ges \u00e0 Pourvoir<\/p>\n<p>Sud Est: 13 si\u00e8ges \u00e0 pourvoir<\/p>\n<p>Est : 9 si\u00e8ges \u00e0 Pourvoir<\/p>\n","protected":false},"excerpt":{"rendered":"<p>Les \u00e9lections europ\u00e9ennes qui vont se d\u00e9rouler le 25 mai prochain ne nous auront laiss\u00e9 aucun r\u00e9pit . A peine la campagne des municipales termin\u00e9e, &hellip; <\/p>\n","protected":false},"author":2,"featured_media":0,"comment_status":"open","ping_status":"open","sticky":false,"template":"","format":"standard","meta":{"jetpack_post_was_ever_published":false,"jetpack_publicize_message":"","jetpack_is_tweetstorm":false,"jetpack_publicize_feature_enabled":true,"jetpack_social_post_already_shared":true,"jetpack_social_options":{"image_generator_settings":{"template":"highway","enabled":false}}},"categories":[4312,1,4354],"tags":[4692,4760,4693,4689,4634],"jetpack_publicize_connections":[],"jetpack_featured_media_url":"","jetpack_sharing_enabled":true,"_links":{"self":[{"href":"https:\/\/blog-corbeil-essonnes.fr\/WordPress3\/wp-json\/wp\/v2\/posts\/12894"}],"collection":[{"href":"https:\/\/blog-corbeil-essonnes.fr\/WordPress3\/wp-json\/wp\/v2\/posts"}],"about":[{"href":"https:\/\/blog-corbeil-essonnes.fr\/WordPress3\/wp-json\/wp\/v2\/types\/post"}],"author":[{"embeddable":true,"href":"https:\/\/blog-corbeil-essonnes.fr\/WordPress3\/wp-json\/wp\/v2\/users\/2"}],"replies":[{"embeddable":true,"href":"https:\/\/blog-corbeil-essonnes.fr\/WordPress3\/wp-json\/wp\/v2\/comments?post=12894"}],"version-history":[{"count":0,"href":"https:\/\/blog-corbeil-essonnes.fr\/WordPress3\/wp-json\/wp\/v2\/posts\/12894\/revisions"}],"wp:attachment":[{"href":"https:\/\/blog-corbeil-essonnes.fr\/WordPress3\/wp-json\/wp\/v2\/media?parent=12894"}],"wp:term":[{"taxonomy":"category","embeddable":true,"href":"https:\/\/blog-corbeil-essonnes.fr\/WordPress3\/wp-json\/wp\/v2\/categories?post=12894"},{"taxonomy":"post_tag","embeddable":true,"href":"https:\/\/blog-corbeil-essonnes.fr\/WordPress3\/wp-json\/wp\/v2\/tags?post=12894"}],"curies":[{"name":"wp","href":"https:\/\/api.w.org\/{rel}","templated":true}]}}