{"id":12955,"date":"2014-05-23T19:28:45","date_gmt":"2014-05-23T18:28:45","guid":{"rendered":"http:\/\/blog-corbeil-essonnes.fr\/WordPress3\/?p=12955"},"modified":"2014-11-13T18:22:29","modified_gmt":"2014-11-13T17:22:29","slug":"campagne-vivante-et-active-4","status":"publish","type":"post","link":"https:\/\/blog-corbeil-essonnes.fr\/WordPress3\/2014\/05\/23\/campagne-vivante-et-active-4\/","title":{"rendered":"Campagne vivante et active 4"},"content":{"rendered":"<p style=\"text-align: justify;\">Voila, cette campagne touche \u00e0 sa fin et elle a \u00e9t\u00e9 riche et chaleureuse, m\u00eame si le soleil n&rsquo;a pas toujours \u00e9t\u00e9 au rendez-vous. Nous l&rsquo;avons men\u00e9 \u00e0 la fois de fa\u00e7on surprenante, avec nos poulets ou encore avec la pr\u00e9sence de notre am\u00e9ricain vantant les m\u00e9rites du b\u0153uf aux hormones , des gaz de schistes , des poulets chlor\u00e9s et voulant d\u00e9truire le code du travail.<!--more--><\/p>\n<p style=\"text-align: justify;\">Mais nous avons aussi men\u00e9e une campagne plus traditionnelle , pr\u00e9sences sur les march\u00e9s, rencontres avec de nombreux habitants, \u00a0ces moments l\u00e0 sont si riches de dialogues et d&rsquo;\u00e9changes, que malgr\u00e9 la fatigue rien ne nous arr\u00eate.<\/p>\n<p style=\"text-align: justify;\">Je ne vous ai pas parl\u00e9 jusqu&rsquo;ici de nos belles r\u00e9unions et de nos meetings \u00a0de campagne , ces instants o\u00f9 toute une salle vibre,\u00a0 o\u00f9 la chaleur humaine est tellement revigorante. J&rsquo;ai particip\u00e9 \u00e0 plusieurs \u00e9v\u00e9nements de ce type et tous tr\u00e8s diff\u00e9rents.<\/p>\n<p style=\"text-align: justify;\">D&rsquo;abord le d\u00e9bat organis\u00e9 par finance watch, vous pourrez d&rsquo;ailleurs \u00a0visionner les interventions d&rsquo;\u00c9ric\u00a0Coquerel \u00a0qui repr\u00e9sentait le front de gauche dans la vid\u00e9o ci dessous. Ce d\u00e9bat complexe peut \u00eatre vu dans son int\u00e9gralit\u00e9 sur le net, 6 vid\u00e9os, \u00a03 heures de questions-r\u00e9ponses, vraiment tr\u00e8s int\u00e9ressant pour comprendre les enjeux financiers de cette \u00e9lection.<\/p>\n<p style=\"text-align: justify;\"><iframe loading=\"lazy\" src=\"\/\/www.dailymotion.com\/embed\/video\/x1u1l30\" width=\"480\" height=\"270\" frameborder=\"0\" allowfullscreen=\"allowfullscreen\"><\/iframe><br \/>\n<a href=\"http:\/\/www.dailymotion.com\/video\/x1u1l30_eric-coquerel-au-debat-finance-watch_news\" target=\"_blank\">Eric Coquerel au d\u00e9bat Finance Watch<\/a> <i>par <a href=\"http:\/\/www.dailymotion.com\/lepartidegauche\" target=\"_blank\">lepartidegauche<\/a><\/i><\/p>\n<p style=\"text-align: justify;\">Nous avons fait ensuite un meeting d\u00e9partemental \u00e0 Grigny , il y avait beaucoup de monde dans la salle, pourtant il pleuvait , il est vrai que le temps n&rsquo;a pas \u00e9t\u00e9 cl\u00e9ment ces derni\u00e8res semaines.\u00a0Nos intervenants ce soir-l\u00e0 \u00e9taient percutants, nous en avons profit\u00e9 pour mettre en avant les quatre candidats essonniens de notre liste ( Philippe Juraver, Philippe Rio, Annie Salztman et Mounia Benaili).<\/p>\n<p style=\"text-align: justify;\">Lundi dernier, c&rsquo;est \u00e0 Evry que le Front de Gauche de la premi\u00e8re circonscription\u00a0 a d\u00e9battu, avec une salle tr\u00e8s participative, de l&rsquo;Europe que nous voulons. Beaucoup d&rsquo;\u00e9changes et d&rsquo;interactivit\u00e9 avec la salle ce soir l\u00e0 et une vraie volont\u00e9 de renverser la table.<\/p>\n<p style=\"text-align: justify;\">Je termine avec le meeting r\u00e9gional qui d\u00e9j\u00e0, se d\u00e9roulait dans un cadre superbe, le cirque d&rsquo;hiver \u00e0 Paris. Nous avons pu\u00a0\u00e9couter des syndicalistes ainsi que 5 candidats de la liste Ile de France du Front de Gauche, l\u00e0 aussi malgr\u00e9 la pluie, 1000 personnes avaient fait le d\u00e9placement. Nous avons re\u00e7u ce soir l\u00e0 un superbe message de soutien de diff\u00e9rents pays europ\u00e9ens, et en particulier celui d&rsquo;Alexis Tsipras favori des \u00e9lections en Gr\u00e8ce et notre candidat ( Gauche unitaire europ\u00e9enne) \u00e0 la pr\u00e9sidence de la commission europ\u00e9enne. Son message final fut celui que tous\u00a0au Front de Gauche nous passons aujourd&rsquo;hui , QUAND ON EST DE GAUCHE DIMANCHE EN FRANCE ON VOTE FRONT DE GAUCHE !<\/p>\n","protected":false},"excerpt":{"rendered":"<p>Voila, cette campagne touche \u00e0 sa fin et elle a \u00e9t\u00e9 riche et chaleureuse, m\u00eame si le soleil n&rsquo;a pas toujours \u00e9t\u00e9 au rendez-vous. Nous &hellip; <\/p>\n","protected":false},"author":2,"featured_media":0,"comment_status":"open","ping_status":"open","sticky":false,"template":"","format":"standard","meta":{"jetpack_post_was_ever_published":false,"jetpack_publicize_message":"","jetpack_is_tweetstorm":false,"jetpack_publicize_feature_enabled":true,"jetpack_social_post_already_shared":true,"jetpack_social_options":{"image_generator_settings":{"template":"highway","enabled":false}}},"categories":[4312,4354],"tags":[4703,4692,4760,4690,4765],"jetpack_publicize_connections":[],"jetpack_featured_media_url":"","jetpack_sharing_enabled":true,"_links":{"self":[{"href":"https:\/\/blog-corbeil-essonnes.fr\/WordPress3\/wp-json\/wp\/v2\/posts\/12955"}],"collection":[{"href":"https:\/\/blog-corbeil-essonnes.fr\/WordPress3\/wp-json\/wp\/v2\/posts"}],"about":[{"href":"https:\/\/blog-corbeil-essonnes.fr\/WordPress3\/wp-json\/wp\/v2\/types\/post"}],"author":[{"embeddable":true,"href":"https:\/\/blog-corbeil-essonnes.fr\/WordPress3\/wp-json\/wp\/v2\/users\/2"}],"replies":[{"embeddable":true,"href":"https:\/\/blog-corbeil-essonnes.fr\/WordPress3\/wp-json\/wp\/v2\/comments?post=12955"}],"version-history":[{"count":0,"href":"https:\/\/blog-corbeil-essonnes.fr\/WordPress3\/wp-json\/wp\/v2\/posts\/12955\/revisions"}],"wp:attachment":[{"href":"https:\/\/blog-corbeil-essonnes.fr\/WordPress3\/wp-json\/wp\/v2\/media?parent=12955"}],"wp:term":[{"taxonomy":"category","embeddable":true,"href":"https:\/\/blog-corbeil-essonnes.fr\/WordPress3\/wp-json\/wp\/v2\/categories?post=12955"},{"taxonomy":"post_tag","embeddable":true,"href":"https:\/\/blog-corbeil-essonnes.fr\/WordPress3\/wp-json\/wp\/v2\/tags?post=12955"}],"curies":[{"name":"wp","href":"https:\/\/api.w.org\/{rel}","templated":true}]}}