{"id":13010,"date":"2014-06-13T13:15:41","date_gmt":"2014-06-13T12:15:41","guid":{"rendered":"http:\/\/blog-corbeil-essonnes.fr\/WordPress3\/?p=13010"},"modified":"2014-11-13T18:20:57","modified_gmt":"2014-11-13T17:20:57","slug":"college-chantemerle-professeurs-et-parents-unis-pour-le-bien-des-enfants","status":"publish","type":"post","link":"https:\/\/blog-corbeil-essonnes.fr\/WordPress3\/2014\/06\/13\/college-chantemerle-professeurs-et-parents-unis-pour-le-bien-des-enfants\/","title":{"rendered":"Coll\u00e8ge Chantemerle, professeurs et parents unis pour le bien des enfants"},"content":{"rendered":"<p style=\"text-align: justify;\">Depuis plusieurs jours les parents et enseignants du coll\u00e8ge Chantemerle \u00e0 Corbeil-Essonnes sont en col\u00e8re, professeurs en gr\u00e8ve, rassemblement, ils mettent tout\u00a0en oeuvre pour \u00eatre entendu par l&rsquo;\u00e9ducation Nationale .<\/p>\n<p style=\"text-align: justify;\">Mercredi soir,\u00a0 avec mes camarades du Front de Gauche , Bruno Piriou et Ulysse Rabat\u00e9, tous deux \u00e9lus de Corbeil-Essonnes , nous sommes all\u00e9s les rencontrer et les soutenir devant l&rsquo;inspection acad\u00e9mique o\u00f9 ils se rassemblaient pour se faire entendre.<\/p>\n<p style=\"text-align: justify;\"><!--more--><\/p>\n<p style=\"text-align: justify;\">Leurs revendications semblent si naturelles qu&rsquo;il est incompr\u00e9hensible qu&rsquo;elles ne soient pas entendues.<\/p>\n<p style=\"text-align: justify;\">Les absences de professeurs non remplac\u00e9s, qui cr\u00e9ent un retard dans l\u2019apprentissage, sont si importantes qu&rsquo;il faut que des mesures soient prises pour redonner aux enfants leurs droits \u00e0 un apprentissage de qualit\u00e9. Les probl\u00e8mes de disciplines non r\u00e9solus polluent la vie des professeurs et des \u00e9l\u00e8ves , il faut que ce probl\u00e8me soit r\u00e9gl\u00e9 et rapidement, il en va de l&rsquo;avenir de nombreux enfants.<\/p>\n<p style=\"text-align: justify;\">Tous ces probl\u00e8mes ont des racines et il n&rsquo;est pas dans ma nature de pratiquer la langue de bois , aussi quand l&rsquo;incendiaire veut devenir pompier, l\u00e0, je me dois de replacer cette lutte dans un contexte plus large. En effet Monsieur le suppl\u00e9ant d\u00e9put\u00e9 a d\u00e9cid\u00e9 dans un courrier de demander \u00e0 l&rsquo;Education Nationale de r\u00e9pondre aux revendications de ce coll\u00e8ge. Certes, je suis satisfaite de cette demande, mais je ne souhaiterais pas assister \u00e0 un fonctionnement \u00e0 la carte dans l&rsquo;Education Nationale.<\/p>\n<p style=\"text-align: justify;\">Alors, quelles origines aux soucis rencontr\u00e9s \u00e0 Chantemerle. Absences de professeurs non remplac\u00e9s , la r\u00e8gle en terme de remplacement est telle que ce probl\u00e8me ne peut que se produire d\u00e8s qu&rsquo;un professeur est malade ( ce qui arrive \u00e0 tout \u00eatre humain) . Incivilit\u00e9s, pour avoir discut\u00e9 avec des parents ou des enseignants , force est de constater qu&rsquo;elles apparaissent souvent lorsque l&rsquo;on met de jeunes professeurs en situation d&rsquo;\u00e9chec. En effet , lorsque les gouvernements successifs r\u00e9duisent les effectifs et la formation cela pose de gros probl\u00e8mes . Des professeurs non form\u00e9s et inexp\u00e9riment\u00e9s sont envoy\u00e9s dans des classes et leurs fragilit\u00e9s de d\u00e9butants sont souvent ressenties par quelques \u00e9l\u00e8ves qui en profitent pour mettre la pagaille.<\/p>\n<p style=\"text-align: justify;\">Alors Monsieur le d\u00e9put\u00e9 Carlos Da Silva , si j&rsquo;appr\u00e9cie votre intervention sur ce dossier, je vous demande de r\u00e9agir quand aux attaques subies par l&rsquo;Education Nationale ces derni\u00e8res ann\u00e9es . Agissez \u00e0 l&rsquo;Assembl\u00e9e Nationale pour que les coll\u00e9giens et professeurs de notre pays n&rsquo;aient pas \u00e0 vivre ces situations gravissimes. Dans ce domaine comme dans d&rsquo;autres les pansements ne suffiront pas , il faut rendre les moyens de fonctionner \u00e0 l&rsquo;Education Nationale , c&rsquo;est indispensable pour que l&rsquo;\u00e9cole de la R\u00e9publique puisse continuer de d\u00e9fendre ses valeurs , Libert\u00e9 , Egalit\u00e9 et Fraternit\u00e9 .<\/p>\n<p style=\"text-align: justify;\">Les professeurs et parents de Chantemerle doivent voir leurs justes revendications entendues , mais vous vous devez d&rsquo;intervenir Monsieur le d\u00e9put\u00e9 afin que se mette en place une politique vis \u00e0 vis des coll\u00e8ges \u00a0dignes de ce qu&rsquo;un pays r\u00e9publicain doit offrir \u00e0 ceux qui sont son avenir.<\/p>\n<p style=\"text-align: justify;\">\n","protected":false},"excerpt":{"rendered":"<p>Depuis plusieurs jours les parents et enseignants du coll\u00e8ge Chantemerle \u00e0 Corbeil-Essonnes sont en col\u00e8re, professeurs en gr\u00e8ve, rassemblement, ils mettent tout\u00a0en oeuvre pour \u00eatre &hellip; <\/p>\n","protected":false},"author":2,"featured_media":0,"comment_status":"open","ping_status":"open","sticky":false,"template":"","format":"standard","meta":{"jetpack_post_was_ever_published":false,"jetpack_publicize_message":"","jetpack_is_tweetstorm":false,"jetpack_publicize_feature_enabled":true,"jetpack_social_post_already_shared":true,"jetpack_social_options":{"image_generator_settings":{"template":"highway","enabled":false}}},"categories":[4311,4318,1],"tags":[4762,4399,4610],"jetpack_publicize_connections":[],"jetpack_featured_media_url":"","jetpack_sharing_enabled":true,"_links":{"self":[{"href":"https:\/\/blog-corbeil-essonnes.fr\/WordPress3\/wp-json\/wp\/v2\/posts\/13010"}],"collection":[{"href":"https:\/\/blog-corbeil-essonnes.fr\/WordPress3\/wp-json\/wp\/v2\/posts"}],"about":[{"href":"https:\/\/blog-corbeil-essonnes.fr\/WordPress3\/wp-json\/wp\/v2\/types\/post"}],"author":[{"embeddable":true,"href":"https:\/\/blog-corbeil-essonnes.fr\/WordPress3\/wp-json\/wp\/v2\/users\/2"}],"replies":[{"embeddable":true,"href":"https:\/\/blog-corbeil-essonnes.fr\/WordPress3\/wp-json\/wp\/v2\/comments?post=13010"}],"version-history":[{"count":0,"href":"https:\/\/blog-corbeil-essonnes.fr\/WordPress3\/wp-json\/wp\/v2\/posts\/13010\/revisions"}],"wp:attachment":[{"href":"https:\/\/blog-corbeil-essonnes.fr\/WordPress3\/wp-json\/wp\/v2\/media?parent=13010"}],"wp:term":[{"taxonomy":"category","embeddable":true,"href":"https:\/\/blog-corbeil-essonnes.fr\/WordPress3\/wp-json\/wp\/v2\/categories?post=13010"},{"taxonomy":"post_tag","embeddable":true,"href":"https:\/\/blog-corbeil-essonnes.fr\/WordPress3\/wp-json\/wp\/v2\/tags?post=13010"}],"curies":[{"name":"wp","href":"https:\/\/api.w.org\/{rel}","templated":true}]}}