{"id":13134,"date":"2012-06-02T13:49:16","date_gmt":"2012-06-02T12:49:16","guid":{"rendered":"http:\/\/blog-corbeil-essonnes.fr\/WordPress3\/?p=13134"},"modified":"2014-09-27T13:53:13","modified_gmt":"2014-09-27T12:53:13","slug":"coup-de-projecteur-legislatives-les-suppleants-tes-pg-dans-lessonne","status":"publish","type":"post","link":"https:\/\/blog-corbeil-essonnes.fr\/WordPress3\/2012\/06\/02\/coup-de-projecteur-legislatives-les-suppleants-tes-pg-dans-lessonne\/","title":{"rendered":"Coup de projecteur l\u00e9gislatives : Les Suppl\u00e9ants\u2013tes PG dans l\u2019Essonne"},"content":{"rendered":"<p style=\"text-align: justify;\">Dans le d\u00e9partement de l\u2019Essonne le Parti de Gauche pr\u00e9sente 4 candidats suppl\u00e9ants. J\u2019aurais aim\u00e9 avoir le temps de vous parler de chacun de ces camarades en leur consacrant un billet \u00e0 chacun, mais je ne pourrai leur consacrer qu\u2019un billet commun.<!--more--><\/p>\n<p style=\"text-align: justify;\"><a href=\"https:\/\/i0.wp.com\/blog-corbeil-essonnes.fr\/WordPress3\/wp-content\/uploads\/2012\/06\/sduvauchelle.jpg?ssl=1\"><img decoding=\"async\" loading=\"lazy\" class=\"alignleft  wp-image-11424\" src=\"https:\/\/i0.wp.com\/blog-corbeil-essonnes.fr\/WordPress3\/wp-content\/uploads\/2012\/06\/sduvauchelle-199x300.jpg?resize=116%2C175&#038;ssl=1\" alt=\"sduvauchelle\" width=\"116\" height=\"175\" data-recalc-dims=\"1\" \/><\/a>Pour commencer parlons de la deuxi\u00e8me circonscription o\u00f9 la suppl\u00e9ante Sophie Duvauchelle, militante tr\u00e8s active est \u00a0sp\u00e9cialiste des questions d\u2019informatique. Sur ce sujet, elle peut aussi bien vous parler technique que l\u00e9gislation. Sophie est aussi une militante syndicale dans le cadre de son travail. Elle est professeur dans un lyc\u00e9e. Elle se pr\u00e9sente comme suppl\u00e9ante du candidat issu du PCF Fran\u00e7ois Jousset.<\/p>\n<p style=\"text-align: justify;\">\n<p style=\"text-align: justify;\"><a href=\"https:\/\/i0.wp.com\/blog-corbeil-essonnes.fr\/WordPress3\/wp-content\/uploads\/2012\/06\/554387_3680159236863_1908304156_n1.jpg?ssl=1\"><img decoding=\"async\" loading=\"lazy\" class=\"alignleft size-medium wp-image-11420\" src=\"https:\/\/i0.wp.com\/blog-corbeil-essonnes.fr\/WordPress3\/wp-content\/uploads\/2012\/06\/554387_3680159236863_1908304156_n1-300x284.jpg?resize=300%2C284&#038;ssl=1\" alt=\"554387_3680159236863_1908304156_n\" width=\"300\" height=\"284\" data-recalc-dims=\"1\" \/><\/a>Dans la 3<sup>\u00e8me<\/sup>\u00a0circonscription, c\u2019est un vrai rayon de soleil que notre camarade Lucille Toussaert.\u00a0 C\u2019est une militante vivante, souriante et tr\u00e8s dynamique notre petite pharmacienne. Lucille a elle aussi une sp\u00e9cificit\u00e9, c\u2019est une de nos \u00ab\u00a0com\u00e9diennes \u00bb, en effet elle participe souvent aux pi\u00e8ces de th\u00e9\u00e2tre mont\u00e9es par les commandos culturels du Parti de Gauche. Ces commandos jouent des sc\u00e9nettes qui pr\u00e9sentent les id\u00e9es d\u00e9fendues par le Front de Gauche. Lucille accompagne la candidature du candidat communiste titulaire Philippe Camo.<\/p>\n<p style=\"text-align: justify;\"><a href=\"https:\/\/i0.wp.com\/blog-corbeil-essonnes.fr\/WordPress3\/wp-content\/uploads\/2012\/06\/380318_10151028045930555_2029775736_n.jpg?ssl=1\"><img decoding=\"async\" loading=\"lazy\" class=\"alignleft  wp-image-11421\" src=\"https:\/\/i0.wp.com\/blog-corbeil-essonnes.fr\/WordPress3\/wp-content\/uploads\/2012\/06\/380318_10151028045930555_2029775736_n-213x300.jpg?resize=182%2C256&#038;ssl=1\" alt=\"380318_10151028045930555_2029775736_n\" width=\"182\" height=\"256\" data-recalc-dims=\"1\" \/><\/a>Passons \u00e0 la sixi\u00e8me circonscription notre candidat suppl\u00e9ant est une force, un vrai lutteur. Philippe Juraver, c\u2019est son nom, est en effet un militant syndical tr\u00e8s actif. Philippe travaille \u00e0 la RATP\u00a0 et en particulier sur la ligne B du RER. En menant ses luttes dans ce secteur\u00a0particulier\u00a0il n\u2019oublie jamais que les batailles men\u00e9es par les salari\u00e9s concernent bien s\u00fbr les conditions de travail de ces derniers mais aussi les conditions de transports des usagers. Philippe aide Colette Jan la candidate titulaire issue du PCF dans cette campagne.<\/p>\n<p style=\"text-align: justify;\">\u00a0<a href=\"https:\/\/i0.wp.com\/blog-corbeil-essonnes.fr\/WordPress3\/wp-content\/uploads\/2012\/06\/156582_385535911493359_319403681439916_1041865_768974145_n.jpg?ssl=1\"><img decoding=\"async\" loading=\"lazy\" class=\"alignleft  wp-image-11422\" src=\"https:\/\/i0.wp.com\/blog-corbeil-essonnes.fr\/WordPress3\/wp-content\/uploads\/2012\/06\/156582_385535911493359_319403681439916_1041865_768974145_n-300x225.jpg?resize=269%2C202&#038;ssl=1\" alt=\"156582_385535911493359_319403681439916_1041865_768974145_n\" width=\"269\" height=\"202\" data-recalc-dims=\"1\" \/><\/a>Dans la huiti\u00e8me circonscription, le parti de Gauche a d\u00e9sign\u00e9 Patrick Disclyn comme suppl\u00e9ant de V\u00e9ronique Latapie, la candidate PCF titulaire. Patrick est comme les autres suppl\u00e9ants-tes du parti de gauche un militant. Patrick Disclyn est chef de projet informatique, et militant associatif \u00e0 Vigneux-sur-Seine, d&rsquo;une ONG humanitaire.<\/p>\n<p style=\"text-align: justify;\">Dans cette circonscription comme dans la 4<sup>\u00e8me<\/sup>, la 7<sup>\u00e8me<\/sup>\u00a0et la 10\u00e8me o\u00f9 le PG pr\u00e9sente des candidats titulaires et o\u00f9 les suppl\u00e9ants sont PCF, dans la 5<sup>\u00e8me<\/sup>\u00a0o\u00f9, le PCF est titulaire avec une suppl\u00e9ante associative ou dans la 9<sup>\u00e8me<\/sup>\u00a0o\u00f9 titulaire et suppl\u00e9ant ne sont pas membres d\u2019un parti politique, le front de gauche incarne une union \u00e0 gauche.<\/p>\n<p>&nbsp;<\/p>\n","protected":false},"excerpt":{"rendered":"<p>Dans le d\u00e9partement de l\u2019Essonne le Parti de Gauche pr\u00e9sente 4 candidats suppl\u00e9ants. J\u2019aurais aim\u00e9 avoir le temps de vous parler de chacun de ces &hellip; <\/p>\n","protected":false},"author":2,"featured_media":0,"comment_status":"open","ping_status":"open","sticky":false,"template":"","format":"standard","meta":{"jetpack_post_was_ever_published":false,"jetpack_publicize_message":"","jetpack_is_tweetstorm":false,"jetpack_publicize_feature_enabled":true,"jetpack_social_post_already_shared":false,"jetpack_social_options":{"image_generator_settings":{"template":"highway","enabled":false}}},"categories":[4312,4373],"tags":[4436,4777,4775,4761,4720],"jetpack_publicize_connections":[],"jetpack_featured_media_url":"","jetpack_sharing_enabled":true,"_links":{"self":[{"href":"https:\/\/blog-corbeil-essonnes.fr\/WordPress3\/wp-json\/wp\/v2\/posts\/13134"}],"collection":[{"href":"https:\/\/blog-corbeil-essonnes.fr\/WordPress3\/wp-json\/wp\/v2\/posts"}],"about":[{"href":"https:\/\/blog-corbeil-essonnes.fr\/WordPress3\/wp-json\/wp\/v2\/types\/post"}],"author":[{"embeddable":true,"href":"https:\/\/blog-corbeil-essonnes.fr\/WordPress3\/wp-json\/wp\/v2\/users\/2"}],"replies":[{"embeddable":true,"href":"https:\/\/blog-corbeil-essonnes.fr\/WordPress3\/wp-json\/wp\/v2\/comments?post=13134"}],"version-history":[{"count":0,"href":"https:\/\/blog-corbeil-essonnes.fr\/WordPress3\/wp-json\/wp\/v2\/posts\/13134\/revisions"}],"wp:attachment":[{"href":"https:\/\/blog-corbeil-essonnes.fr\/WordPress3\/wp-json\/wp\/v2\/media?parent=13134"}],"wp:term":[{"taxonomy":"category","embeddable":true,"href":"https:\/\/blog-corbeil-essonnes.fr\/WordPress3\/wp-json\/wp\/v2\/categories?post=13134"},{"taxonomy":"post_tag","embeddable":true,"href":"https:\/\/blog-corbeil-essonnes.fr\/WordPress3\/wp-json\/wp\/v2\/tags?post=13134"}],"curies":[{"name":"wp","href":"https:\/\/api.w.org\/{rel}","templated":true}]}}