{"id":13179,"date":"2010-12-08T21:21:12","date_gmt":"2010-12-08T20:21:12","guid":{"rendered":"http:\/\/blog-corbeil-essonnes.fr\/WordPress3\/?p=13179"},"modified":"2014-09-28T21:24:12","modified_gmt":"2014-09-28T20:24:12","slug":"journal-de-campagne-7-ils-sont-candidats-pour-la-gauche-2","status":"publish","type":"post","link":"https:\/\/blog-corbeil-essonnes.fr\/WordPress3\/2010\/12\/08\/journal-de-campagne-7-ils-sont-candidats-pour-la-gauche-2\/","title":{"rendered":"Journal de campagne 7 : Ils sont candidats pour la gauche"},"content":{"rendered":"<p>J&rsquo;avais envie de parler de quelques candidats qui figurent sur la m\u00eame liste que moi.<br \/>\nPour commencer, je ferai honneur \u00e0 une femme pleine de coeur et de comp\u00e9tences, Nadine Thomain, habitante du quartier de Montconseil, elle se bat depuis des ann\u00e9es aupr\u00e8s des locataires, le logement elle peut en parler des heures avec passion et conviction. Nadine est une vraie femme de gauche .<\/p>\n<p>Autre figure de cette liste, Fabrice Th\u00e9pin notre camarade vert qui habite le quartier de la Montagne des Glaises, est professeur des \u00e9coles \u00e0 L\u00e9on Cass\u00e9, et fut longtemps directeur d&rsquo;\u00e9cole \u00e0 La Nacelle. Fabrice est un \u00e9cologiste convaincu et convaincant, deux fois candidat aux \u00e9lections cantonales sur le canton Est de Corbeil-Essonnes\u00a0, Fabrice apporte \u00e0 cette \u00e9quipe sa sinc\u00e9rit\u00e9 et sa volont\u00e9.<\/p>\n<p>Nicole M\u00e9resse, notre artiste, simple, qui souvent nous apporte sa bonne humeur. Elle conna\u00eet les structures culturelles de notre ville et a travaill\u00e9 dans le milieu m\u00e9dical. Beaucoup connaissent Nicole qui depuis 2001 maintenant, d\u00e9fend\u00a0les couleurs de\u00a0la gauche avec courage, dans l&rsquo;opposition au conseil municipal. Elle souhaiterait bien s\u00fbr, maintenant pouvoir construire en se trouvant dans la majorit\u00e9.<\/p>\n<p>Habib Ben Abdeljelil, un autre montconseillois, habib milite \u00e0 gauche depuis de nombreuses ann\u00e9es, il est chauffeur de bus et\u00a0a cr\u00e9\u00e9, il y a quelques ann\u00e9es, l&rsquo;association des papas citoyens. Une association qui\u00a0 s&rsquo;occupe des jeunes dans les quartiers en agissant par le dialogue. J&rsquo;ai vu ces papas citoyens tard la nuit dans le quartier, discuter avec des jeunes. Un militant de terrain reconnu.<\/p>\n<p>Sandrine Kink\u00e9la, cette jeune femme\u00a0 la benjamine de notre liste, est plus que la fille de son militant de p\u00e8re (Jos\u00e9 Kink\u00e9la, pr\u00e9sident de l&rsquo;amicale des locataires des Tarter\u00eats). Sandrine est une femme volontaire qui veut se battre pour l&rsquo;\u00e9galit\u00e9. Et quand elle parle d&rsquo;\u00e9galit\u00e9, on sent qu&rsquo;elle sait de quoi elle parle, toutes les in\u00e9galit\u00e9s la d\u00e9rangent, Sociales , de sexe ou d&rsquo;origine. Une combattante pleine de courage.<\/p>\n<p>Thierry Fournier a v\u00e9cu dans plusieurs quartiers de notre ville, il a longtemps travaill\u00e9 pour la commune de Corbeil-Essonnes, dans\u00a0\u00a0les centres de loisirs, la petite enfance ou aupr\u00e8s des personnes \u00e2g\u00e9es. Thierry s&rsquo;est beaucoup occup\u00e9 des autres. Secr\u00e9taire d&rsquo;un syndicat d&#8217;employ\u00e9s de la commune dans les ann\u00e9es 90, il est aujourd&rsquo;hui cadre dans une autre collectivit\u00e9.<\/p>\n<p>Demain je vous parlerai de mes camarades du Parti de Gauche pr\u00e9sents sur cette liste.<\/p>\n","protected":false},"excerpt":{"rendered":"<p>J&rsquo;avais envie de parler de quelques candidats qui figurent sur la m\u00eame liste que moi. Pour commencer, je ferai honneur \u00e0 une femme pleine de &hellip; <\/p>\n","protected":false},"author":2,"featured_media":0,"comment_status":"open","ping_status":"open","sticky":false,"template":"","format":"standard","meta":{"jetpack_post_was_ever_published":false,"jetpack_publicize_message":"","jetpack_is_tweetstorm":false,"jetpack_publicize_feature_enabled":true,"jetpack_social_post_already_shared":false,"jetpack_social_options":{"image_generator_settings":{"template":"highway","enabled":false}}},"categories":[1],"tags":[],"jetpack_publicize_connections":[],"jetpack_featured_media_url":"","jetpack_sharing_enabled":true,"_links":{"self":[{"href":"https:\/\/blog-corbeil-essonnes.fr\/WordPress3\/wp-json\/wp\/v2\/posts\/13179"}],"collection":[{"href":"https:\/\/blog-corbeil-essonnes.fr\/WordPress3\/wp-json\/wp\/v2\/posts"}],"about":[{"href":"https:\/\/blog-corbeil-essonnes.fr\/WordPress3\/wp-json\/wp\/v2\/types\/post"}],"author":[{"embeddable":true,"href":"https:\/\/blog-corbeil-essonnes.fr\/WordPress3\/wp-json\/wp\/v2\/users\/2"}],"replies":[{"embeddable":true,"href":"https:\/\/blog-corbeil-essonnes.fr\/WordPress3\/wp-json\/wp\/v2\/comments?post=13179"}],"version-history":[{"count":0,"href":"https:\/\/blog-corbeil-essonnes.fr\/WordPress3\/wp-json\/wp\/v2\/posts\/13179\/revisions"}],"wp:attachment":[{"href":"https:\/\/blog-corbeil-essonnes.fr\/WordPress3\/wp-json\/wp\/v2\/media?parent=13179"}],"wp:term":[{"taxonomy":"category","embeddable":true,"href":"https:\/\/blog-corbeil-essonnes.fr\/WordPress3\/wp-json\/wp\/v2\/categories?post=13179"},{"taxonomy":"post_tag","embeddable":true,"href":"https:\/\/blog-corbeil-essonnes.fr\/WordPress3\/wp-json\/wp\/v2\/tags?post=13179"}],"curies":[{"name":"wp","href":"https:\/\/api.w.org\/{rel}","templated":true}]}}