{"id":13527,"date":"2014-09-02T10:29:47","date_gmt":"2014-09-02T09:29:47","guid":{"rendered":"http:\/\/blog-corbeil-essonnes.fr\/WordPress3\/?p=13527"},"modified":"2014-11-12T20:38:41","modified_gmt":"2014-11-12T19:38:41","slug":"13527","status":"publish","type":"post","link":"https:\/\/blog-corbeil-essonnes.fr\/WordPress3\/2014\/09\/02\/13527\/","title":{"rendered":"C\u2019est la rentr\u00e9e pour la r\u00e9forme des rythmes scolaires aussi\u2026"},"content":{"rendered":"<p style=\"text-align: justify;\">Voici donc le jour de la rentr\u00e9e, ce jour ou tous les ans, les m\u00e9dias nous racontent comment la famille machin chouette fait la rentr\u00e9e scolaire du bambin. Jour magnifique ou sur les r\u00e9seaux sociaux on voit fleurir les messages de bonne rentr\u00e9e, et surtout les fabuleuses photos des \u00e9lus parcourant \u00e9coles et coll\u00e8ges pour d\u00e9livrer la bonne parole. Qu&rsquo;ils se d\u00e9placent, tr\u00e8s bien, mais \u00e9vitons les 12 photos de rentr\u00e9e, sinc\u00e8rement cela ne me semble pas le plus utile.<!--more--><\/p>\n<p style=\"text-align: justify;\">Il est vrai dans ce domaine, rien ne change, on constate un r\u00e9el manque d&rsquo;imagination dans la mani\u00e8re d&rsquo;aborder ce sujet, depuis des ann\u00e9es on r\u00e9p\u00e8te le m\u00eame rituel. Bien s\u00fbr, on souhaite tous une bonne rentr\u00e9e et une bonne ann\u00e9e scolaire aux \u00e9l\u00e8ves, \u00e0 leurs parents, et aux enseignants ! Vous connaissez quelqu&rsquo;un qui souhaite le contraire vous ?<\/p>\n<p style=\"text-align: justify;\">Mais si nous allions plus loin cette ann\u00e9e, il y a bien une r\u00e9forme importante qui concerne cette rentr\u00e9e : celle des rythmes scolaires, bien s\u00fbr.<\/p>\n<p style=\"text-align: justify;\">On entend beaucoup de choses sur ce sujet ces derniers jours. La ville de truc va faire faire du \u00ab\u00a0th\u00e9\u00e2tre de marionnettes aux enfants, et cela ne co\u00fbtera que 48 euros de plus aux parents\u00a0\u00bb. Tiens comme si sortir 48 euros par mois c&rsquo;\u00e9tait anodin pour certaines familles, c&rsquo;est impossible tellement les budgets sont serr\u00e9s.<\/p>\n<p style=\"text-align: justify;\">On nous annonce que dans une autre ville il n&rsquo;y aura rien de particulier, on change les horaires certes, mais les \u00e9l\u00e8ves iront dans la cour. Pas les moyens de financer les activit\u00e9s et refus d&rsquo;augmenter la charge financi\u00e8re des familles.<\/p>\n<p style=\"text-align: justify;\">Ces deux cas r\u00e9sument bien le probl\u00e8me de cette r\u00e9forme. C&rsquo;est une r\u00e9forme \u00e0 la carte, dans laquelle les enfants ne sont pas \u00e0 \u00e9galit\u00e9 selon le lieu o\u00f9 ils habitent. Cette r\u00e9forme s&rsquo;attaque donc \u00e0 l&rsquo;\u00e9galit\u00e9 r\u00e9publicaine, vous vous souvenez celle de notre devise nationale.<\/p>\n<p style=\"text-align: justify;\">Ce qui est donc regrettable dans cette r\u00e9forme, ce n&rsquo;est pas de r\u00e9former, mais de ne pas appliquer la m\u00eame chose partout sur le territoire de notre r\u00e9publique.<\/p>\n<p style=\"text-align: justify;\">Pensez vous vraiment que c&rsquo;est accidentel ? Non pas du tout, d\u00e9truire le socle national de l&rsquo;\u00e9cole R\u00e9publicaine fait partie d&rsquo;un projet plus vaste de d\u00e9tricotage de notre r\u00e9publique.<\/p>\n<p style=\"text-align: justify;\">Un autre pilier de ce d\u00e9tricotage arrive \u00e0 grand pas actuellement, la r\u00e9forme territoriale. Je consacrerai un autre billet \u00e0 cette r\u00e9forme et aux raisons urgentes de s&rsquo;y opposer.<\/p>\n","protected":false},"excerpt":{"rendered":"<p>Voici donc le jour de la rentr\u00e9e, ce jour ou tous les ans, les m\u00e9dias nous racontent comment la famille machin chouette fait la rentr\u00e9e &hellip; <\/p>\n","protected":false},"author":2,"featured_media":0,"comment_status":"open","ping_status":"open","sticky":false,"template":"","format":"standard","meta":{"jetpack_post_was_ever_published":false,"jetpack_publicize_message":"","jetpack_is_tweetstorm":false,"jetpack_publicize_feature_enabled":true,"jetpack_social_post_already_shared":true,"jetpack_social_options":{"image_generator_settings":{"template":"highway","enabled":false}}},"categories":[4326,4311],"tags":[4757,4715],"jetpack_publicize_connections":[],"jetpack_featured_media_url":"","jetpack_sharing_enabled":true,"_links":{"self":[{"href":"https:\/\/blog-corbeil-essonnes.fr\/WordPress3\/wp-json\/wp\/v2\/posts\/13527"}],"collection":[{"href":"https:\/\/blog-corbeil-essonnes.fr\/WordPress3\/wp-json\/wp\/v2\/posts"}],"about":[{"href":"https:\/\/blog-corbeil-essonnes.fr\/WordPress3\/wp-json\/wp\/v2\/types\/post"}],"author":[{"embeddable":true,"href":"https:\/\/blog-corbeil-essonnes.fr\/WordPress3\/wp-json\/wp\/v2\/users\/2"}],"replies":[{"embeddable":true,"href":"https:\/\/blog-corbeil-essonnes.fr\/WordPress3\/wp-json\/wp\/v2\/comments?post=13527"}],"version-history":[{"count":0,"href":"https:\/\/blog-corbeil-essonnes.fr\/WordPress3\/wp-json\/wp\/v2\/posts\/13527\/revisions"}],"wp:attachment":[{"href":"https:\/\/blog-corbeil-essonnes.fr\/WordPress3\/wp-json\/wp\/v2\/media?parent=13527"}],"wp:term":[{"taxonomy":"category","embeddable":true,"href":"https:\/\/blog-corbeil-essonnes.fr\/WordPress3\/wp-json\/wp\/v2\/categories?post=13527"},{"taxonomy":"post_tag","embeddable":true,"href":"https:\/\/blog-corbeil-essonnes.fr\/WordPress3\/wp-json\/wp\/v2\/tags?post=13527"}],"curies":[{"name":"wp","href":"https:\/\/api.w.org\/{rel}","templated":true}]}}