{"id":14162,"date":"2014-12-31T17:15:05","date_gmt":"2014-12-31T16:15:05","guid":{"rendered":"http:\/\/blog-corbeil-essonnes.fr\/WordPress3\/?p=14162"},"modified":"2015-01-10T16:30:46","modified_gmt":"2015-01-10T15:30:46","slug":"lannee-2015-sera-telle-celle-de-lespoir-retrouve","status":"publish","type":"post","link":"https:\/\/blog-corbeil-essonnes.fr\/WordPress3\/2014\/12\/31\/lannee-2015-sera-telle-celle-de-lespoir-retrouve\/","title":{"rendered":"L&rsquo;ann\u00e9e 2015, sera t&rsquo;elle celle de l&rsquo;espoir retrouv\u00e9"},"content":{"rendered":"<p style=\"text-align: justify;\"><a href=\"https:\/\/i0.wp.com\/blog-corbeil-essonnes.fr\/WordPress3\/wp-content\/uploads\/2014\/05\/IMG_6179.jpg?ssl=1\"><img decoding=\"async\" loading=\"lazy\" class=\"alignleft size-medium wp-image-12960\" src=\"https:\/\/i0.wp.com\/blog-corbeil-essonnes.fr\/WordPress3\/wp-content\/uploads\/2014\/05\/IMG_6179.jpg?resize=300%2C200&#038;ssl=1\" alt=\"IMG_6179\" width=\"300\" height=\"200\" srcset=\"https:\/\/i0.wp.com\/blog-corbeil-essonnes.fr\/WordPress3\/wp-content\/uploads\/2014\/05\/IMG_6179.jpg?resize=300%2C200&amp;ssl=1 300w, https:\/\/i0.wp.com\/blog-corbeil-essonnes.fr\/WordPress3\/wp-content\/uploads\/2014\/05\/IMG_6179.jpg?resize=1024%2C682&amp;ssl=1 1024w, https:\/\/i0.wp.com\/blog-corbeil-essonnes.fr\/WordPress3\/wp-content\/uploads\/2014\/05\/IMG_6179.jpg?resize=600%2C400&amp;ssl=1 600w, https:\/\/i0.wp.com\/blog-corbeil-essonnes.fr\/WordPress3\/wp-content\/uploads\/2014\/05\/IMG_6179.jpg?resize=150%2C100&amp;ssl=1 150w, https:\/\/i0.wp.com\/blog-corbeil-essonnes.fr\/WordPress3\/wp-content\/uploads\/2014\/05\/IMG_6179.jpg?w=2400&amp;ssl=1 2400w, https:\/\/i0.wp.com\/blog-corbeil-essonnes.fr\/WordPress3\/wp-content\/uploads\/2014\/05\/IMG_6179.jpg?w=3600&amp;ssl=1 3600w\" sizes=\"(max-width: 300px) 100vw, 300px\" data-recalc-dims=\"1\" \/><\/a>L&rsquo;ann\u00e9e 2014 fut socialement tr\u00e8s difficile pour de nombreuses personnes sur notre plan\u00e8te, la terminer par cet acte d&rsquo;inhumanit\u00e9 de la mairie d\u2019Angoul\u00eame vis \u00e0 vis de ceux que la vie a laiss\u00e9 sur le bord de la route est symbolique de notre soci\u00e9t\u00e9 trop individualiste.<!--more--><\/p>\n<p style=\"text-align: justify;\">L&rsquo;ann\u00e9e qui arrive sera j\u2019esp\u00e8re bien plus humaine et plus collective.<\/p>\n<p style=\"text-align: justify;\">Malheureusement m\u00eame le message d\u00e9livr\u00e9 par Manuel Valls , 1er ministre, \u00a0en cette p\u00e9riode de v\u0153ux est plut\u00f4t d\u00e9sesp\u00e9rant , annonc\u00e9 plusieurs ann\u00e9es de sacrifices n&rsquo;est vraiment pas ragoutant pour entr\u00e9e dans une nouvelle ann\u00e9e. Une mani\u00e8re bien \u00e0 lui de \u00ab\u00a0redonner confiance\u00a0\u00bb au peuple sans doute&#8230;<\/p>\n<p style=\"text-align: justify;\">Pourtant , l&rsquo;espoir est l\u00e0 , La Gr\u00e8ce sera peut \u00eatre dans quelques semaines le premier pays europ\u00e9en \u00e0 essayer une autre voix que celle de l&rsquo;aust\u00e9rit\u00e9. La population grecque souffre et elle a pu constater que plus d&rsquo;aust\u00e9rit\u00e9 ne fabrique qu&rsquo;encore plus d&rsquo;aust\u00e9rit\u00e9 , elle est aujourd&rsquo;hui sur le point de dire basta. Le 25 janvier auront lieu dans ce pays des \u00e9lections l\u00e9gislatives anticip\u00e9es et tous les indicateurs nous laissent esp\u00e9rer une victoire de nos camarades SYRISA , voil\u00e0 donc enfin un espoir d&rsquo;une autre politique en Europe.<\/p>\n<p style=\"text-align: justify;\">La Gr\u00e8ce n&rsquo;est pas le seul pays o\u00f9 des mouvement anti aust\u00e9rit\u00e9 sont au porte du pouvoir , l&rsquo;Espagne voit elle aussi une mont\u00e9e en puissance de PODEMOS , parti issu du mouvement des indign\u00e9s.<\/p>\n<p style=\"text-align: justify;\">Alors pour nous fran\u00e7ais , voir nos camarades ouvrir une autre voie devrait \u00eatre un v\u00e9ritable espoir, un exemple venant d&rsquo;ailleurs sur le continent qu&rsquo;un chemin diff\u00e9rent peut \u00eatre pris, qu&rsquo;il est salutaire de dire non au financier qui nous \u00e9touffe sous des mesures aust\u00e9ritaires au seul b\u00e9n\u00e9fice des actionnaires .<\/p>\n<p style=\"text-align: justify;\">Il est temps en 2015 de vivre une ann\u00e9e combative et de dire non aux images de mis\u00e8re, dire qu&rsquo; il est inacceptable \u00a0au 21\u00e8me si\u00e8cle de voir les plus riches s&rsquo;enrichir sur le dos des plus pauvres, oui le partage des richesses est possible, il suffit d&rsquo;avoir la volont\u00e9 de changer radicalement de cap.<\/p>\n<p style=\"text-align: justify;\">Je continuerai pour ma part \u00e0 lutter comme je l&rsquo;ai fait jusqu&rsquo;ici pour un monde plus juste, avec au coeur cet espoir qui est n\u00e9 d&rsquo;un petit coin de notre continent. Je vous souhaite une bonne ann\u00e9e \u00e0 tous<\/p>\n<p style=\"text-align: justify;\">\n","protected":false},"excerpt":{"rendered":"<p>L&rsquo;ann\u00e9e 2014 fut socialement tr\u00e8s difficile pour de nombreuses personnes sur notre plan\u00e8te, la terminer par cet acte d&rsquo;inhumanit\u00e9 de la mairie d\u2019Angoul\u00eame vis \u00e0 &hellip; <\/p>\n","protected":false},"author":2,"featured_media":0,"comment_status":"open","ping_status":"open","sticky":false,"template":"","format":"standard","meta":{"jetpack_post_was_ever_published":false,"jetpack_publicize_message":"","jetpack_is_tweetstorm":false,"jetpack_publicize_feature_enabled":true,"jetpack_social_post_already_shared":true,"jetpack_social_options":{"image_generator_settings":{"template":"highway","enabled":false}}},"categories":[4323,4318,1],"tags":[4555,4743,4742,4709],"jetpack_publicize_connections":[],"jetpack_featured_media_url":"","jetpack_sharing_enabled":true,"_links":{"self":[{"href":"https:\/\/blog-corbeil-essonnes.fr\/WordPress3\/wp-json\/wp\/v2\/posts\/14162"}],"collection":[{"href":"https:\/\/blog-corbeil-essonnes.fr\/WordPress3\/wp-json\/wp\/v2\/posts"}],"about":[{"href":"https:\/\/blog-corbeil-essonnes.fr\/WordPress3\/wp-json\/wp\/v2\/types\/post"}],"author":[{"embeddable":true,"href":"https:\/\/blog-corbeil-essonnes.fr\/WordPress3\/wp-json\/wp\/v2\/users\/2"}],"replies":[{"embeddable":true,"href":"https:\/\/blog-corbeil-essonnes.fr\/WordPress3\/wp-json\/wp\/v2\/comments?post=14162"}],"version-history":[{"count":0,"href":"https:\/\/blog-corbeil-essonnes.fr\/WordPress3\/wp-json\/wp\/v2\/posts\/14162\/revisions"}],"wp:attachment":[{"href":"https:\/\/blog-corbeil-essonnes.fr\/WordPress3\/wp-json\/wp\/v2\/media?parent=14162"}],"wp:term":[{"taxonomy":"category","embeddable":true,"href":"https:\/\/blog-corbeil-essonnes.fr\/WordPress3\/wp-json\/wp\/v2\/categories?post=14162"},{"taxonomy":"post_tag","embeddable":true,"href":"https:\/\/blog-corbeil-essonnes.fr\/WordPress3\/wp-json\/wp\/v2\/tags?post=14162"}],"curies":[{"name":"wp","href":"https:\/\/api.w.org\/{rel}","templated":true}]}}