{"id":14197,"date":"2015-01-29T11:20:18","date_gmt":"2015-01-29T10:20:18","guid":{"rendered":"http:\/\/blog-corbeil-essonnes.fr\/WordPress3\/?p=14197"},"modified":"2015-01-29T09:27:37","modified_gmt":"2015-01-29T08:27:37","slug":"elections-departementales-canton-de-corbeil-essonnes","status":"publish","type":"post","link":"https:\/\/blog-corbeil-essonnes.fr\/WordPress3\/2015\/01\/29\/elections-departementales-canton-de-corbeil-essonnes\/","title":{"rendered":"Elections d\u00e9partementales : Canton de Corbeil-Essonnes"},"content":{"rendered":"<p style=\"text-align: center;\"><a href=\"https:\/\/i0.wp.com\/blog-corbeil-essonnes.fr\/WordPress3\/wp-content\/uploads\/2015\/01\/logop.jpg?ssl=1\"><img decoding=\"async\" loading=\"lazy\" class=\"  wp-image-14199 alignnone\" src=\"https:\/\/i0.wp.com\/blog-corbeil-essonnes.fr\/WordPress3\/wp-content\/uploads\/2015\/01\/logop.jpg?resize=144%2C145&#038;ssl=1\" alt=\"logop\" width=\"144\" height=\"145\" srcset=\"https:\/\/i0.wp.com\/blog-corbeil-essonnes.fr\/WordPress3\/wp-content\/uploads\/2015\/01\/logop.jpg?resize=297%2C300&amp;ssl=1 297w, https:\/\/i0.wp.com\/blog-corbeil-essonnes.fr\/WordPress3\/wp-content\/uploads\/2015\/01\/logop.jpg?resize=150%2C150&amp;ssl=1 150w, https:\/\/i0.wp.com\/blog-corbeil-essonnes.fr\/WordPress3\/wp-content\/uploads\/2015\/01\/logop.jpg?w=389&amp;ssl=1 389w\" sizes=\"(max-width: 144px) 100vw, 144px\" data-recalc-dims=\"1\" \/><\/a> <a href=\"https:\/\/i0.wp.com\/blog-corbeil-essonnes.fr\/WordPress3\/wp-content\/uploads\/2015\/01\/logoe.png?ssl=1\"><img decoding=\"async\" loading=\"lazy\" class=\" size-full wp-image-14198 alignnone\" src=\"https:\/\/i0.wp.com\/blog-corbeil-essonnes.fr\/WordPress3\/wp-content\/uploads\/2015\/01\/logoe.png?resize=236%2C145&#038;ssl=1\" alt=\"logoe\" width=\"236\" height=\"145\" data-recalc-dims=\"1\" \/><\/a><\/p>\n<p style=\"text-align: center;\">\n<p style=\"text-align: center;\"><strong>Elections d\u00e9partementales\u00a0: Canton de Corbeil-Essonnes<\/strong><\/p>\n<p style=\"text-align: center;\">Communiqu\u00e9\u00a0 d\u2019Ensemble et du Parti de Gauche<\/p>\n<p style=\"text-align: center;\">Membres du front de Gauche<\/p>\n<p>Nous aurions souhait\u00e9 nous investir dans une d\u00e9marche collective pour les \u00e9lections d\u00e9partementales des 22 et 29 mars<strong>.<\/strong><\/p>\n<p><strong>Malheureusement, nous prenons acte de la d\u00e9cision du candidat sortant et du Parti communiste qui le soutient de se d\u00e9marquer une nouvelle fois des d\u00e9clarations nationales du Front de Gauche et de leur contenu<\/strong>. En effet, malgr\u00e9 nos demandes, aucune concertation n&rsquo;a \u00e9t\u00e9 entreprise avec les autres composantes du FDG (partis politiques ou citoyens membre du FDG) et c\u2019est finalement par voie de presse que nous avons appris le nom des candidats et constat\u00e9 que la campagne \u00e9tait d\u00e9j\u00e0 engag\u00e9e.<!--more--><\/p>\n<p><strong>D\u00e9fenseurs d\u2019une 6<sup>\u00e8me<\/sup> r\u00e9publique de renouveau, portant haut les valeurs de d\u00e9mocratie et d\u2019engagement citoyen, pour nous, la forme rel\u00e8ve du fond<\/strong>. Nous constatons que la d\u00e9marche emprunt\u00e9e par le candidat communiste ne correspond pas \u00e0 ce que nous souhaitons porter lors de ces \u00e9lections. Des candidats qui ne s&rsquo;appliquent pas les principes de la 6\u00e8me r\u00e9publique que nous voulons, ne peuvent se r\u00e9clamer du Front De Gauche. <strong>Comment d\u00e9fendre un renouveau d\u00e9mocratique en s&rsquo;appuyant sur des m\u00e9thodes partisanes du si\u00e8cle dernier? <\/strong><\/p>\n<p>En adoptant cette mani\u00e8re de faire qui n\u2019est pas \u00e0 la hauteur des enjeux d\u00e9partementaux et nationaux, la section locale du PCF tourne le dos aux d\u00e9clarations nationales du Front de gauche et au soutien que le PCF y apporte.<\/p>\n<p><strong>Nous ne souhaitons pas ajouter \u00e0 la division et \u00e0 la confusion, c\u2019est pourquoi nous ne pr\u00e9senterons ni ne soutiendrons aucun candidat pour le scrutin des 22 et 29 mars 2015.<\/strong><\/p>\n","protected":false},"excerpt":{"rendered":"<p>Elections d\u00e9partementales\u00a0: Canton de Corbeil-Essonnes Communiqu\u00e9\u00a0 d\u2019Ensemble et du Parti de Gauche Membres du front de Gauche Nous aurions souhait\u00e9 nous investir dans une d\u00e9marche &hellip; <\/p>\n","protected":false},"author":2,"featured_media":0,"comment_status":"open","ping_status":"open","sticky":false,"template":"","format":"standard","meta":{"jetpack_post_was_ever_published":false,"jetpack_publicize_message":"Elections d\u00e9partementales : Canton de Corbeil-Essonnes","jetpack_is_tweetstorm":false,"jetpack_publicize_feature_enabled":true,"jetpack_social_post_already_shared":true,"jetpack_social_options":{"image_generator_settings":{"template":"highway","enabled":false}}},"categories":[1],"tags":[],"jetpack_publicize_connections":[],"jetpack_featured_media_url":"","jetpack_sharing_enabled":true,"_links":{"self":[{"href":"https:\/\/blog-corbeil-essonnes.fr\/WordPress3\/wp-json\/wp\/v2\/posts\/14197"}],"collection":[{"href":"https:\/\/blog-corbeil-essonnes.fr\/WordPress3\/wp-json\/wp\/v2\/posts"}],"about":[{"href":"https:\/\/blog-corbeil-essonnes.fr\/WordPress3\/wp-json\/wp\/v2\/types\/post"}],"author":[{"embeddable":true,"href":"https:\/\/blog-corbeil-essonnes.fr\/WordPress3\/wp-json\/wp\/v2\/users\/2"}],"replies":[{"embeddable":true,"href":"https:\/\/blog-corbeil-essonnes.fr\/WordPress3\/wp-json\/wp\/v2\/comments?post=14197"}],"version-history":[{"count":0,"href":"https:\/\/blog-corbeil-essonnes.fr\/WordPress3\/wp-json\/wp\/v2\/posts\/14197\/revisions"}],"wp:attachment":[{"href":"https:\/\/blog-corbeil-essonnes.fr\/WordPress3\/wp-json\/wp\/v2\/media?parent=14197"}],"wp:term":[{"taxonomy":"category","embeddable":true,"href":"https:\/\/blog-corbeil-essonnes.fr\/WordPress3\/wp-json\/wp\/v2\/categories?post=14197"},{"taxonomy":"post_tag","embeddable":true,"href":"https:\/\/blog-corbeil-essonnes.fr\/WordPress3\/wp-json\/wp\/v2\/tags?post=14197"}],"curies":[{"name":"wp","href":"https:\/\/api.w.org\/{rel}","templated":true}]}}