{"id":14202,"date":"2015-02-13T15:48:00","date_gmt":"2015-02-13T14:48:00","guid":{"rendered":"http:\/\/blog-corbeil-essonnes.fr\/WordPress3\/?p=14202"},"modified":"2015-04-12T16:42:50","modified_gmt":"2015-04-12T15:42:50","slug":"lespoir-viens-de-grece","status":"publish","type":"post","link":"https:\/\/blog-corbeil-essonnes.fr\/WordPress3\/2015\/02\/13\/lespoir-viens-de-grece\/","title":{"rendered":"L&rsquo;espoir vient de Gr\u00e8ce"},"content":{"rendered":"<p style=\"text-align: justify;\"><a href=\"https:\/\/i0.wp.com\/blog-corbeil-essonnes.fr\/WordPress3\/wp-content\/uploads\/2015\/02\/soutien-peuple-grec.jpg?ssl=1\"><img decoding=\"async\" loading=\"lazy\" class=\"alignleft size-medium wp-image-14203\" src=\"https:\/\/i0.wp.com\/blog-corbeil-essonnes.fr\/WordPress3\/wp-content\/uploads\/2015\/02\/soutien-peuple-grec.jpg?resize=300%2C199&#038;ssl=1\" alt=\"soutien peuple grec\" width=\"300\" height=\"199\" srcset=\"https:\/\/i0.wp.com\/blog-corbeil-essonnes.fr\/WordPress3\/wp-content\/uploads\/2015\/02\/soutien-peuple-grec.jpg?resize=300%2C199&amp;ssl=1 300w, https:\/\/i0.wp.com\/blog-corbeil-essonnes.fr\/WordPress3\/wp-content\/uploads\/2015\/02\/soutien-peuple-grec.jpg?resize=150%2C100&amp;ssl=1 150w, https:\/\/i0.wp.com\/blog-corbeil-essonnes.fr\/WordPress3\/wp-content\/uploads\/2015\/02\/soutien-peuple-grec.jpg?w=370&amp;ssl=1 370w\" sizes=\"(max-width: 300px) 100vw, 300px\" data-recalc-dims=\"1\" \/><\/a>La Gr\u00e8ce n&rsquo;a pas quitt\u00e9 la une de l&rsquo;actualit\u00e9 depuis plusieurs semaines. Depuis le 25 janvier, pas une journ\u00e9e sans qu&rsquo;Alexis Tsipras n&rsquo;apparaisse dans nos m\u00e9dias et pour cause. Le r\u00e9sultat de l&rsquo;\u00e9lection l\u00e9gislative grecque a secou\u00e9 l&rsquo;Europe.<\/p>\n<p style=\"text-align: justify;\">L&rsquo;Espoir qu&rsquo;a fait na\u00eetre cette \u00e9lection est \u00e9norme, espoir d&rsquo;abord pour tout un peuple, mais aussi pour toute \u00ab\u00a0l&rsquo;autre Europe\u00a0\u00bb. Cette autre Europe qui refuse les politiques d&rsquo;aust\u00e9rit\u00e9, cette Europe qui refuse que des peuples soient \u00e9trangl\u00e9s et condamn\u00e9s \u00e0 l\u2019appauvrissement permanent. L&rsquo;arriv\u00e9e au pouvoir d&rsquo;Alexis Tsipras c&rsquo;est l&rsquo;espoir d&rsquo;une Europe qui place l&rsquo;humain comme priorit\u00e9 bien avant la finance.<!--more--><\/p>\n<p style=\"text-align: justify;\">La r\u00e9action n&rsquo;a pas tard\u00e9, en Europe des voix se sont \u00e9lev\u00e9es demandant \u00e0 Alexis Tsipras de ne pas respecter les engagements qu&rsquo;il a pris envers son peuple, lui demandant donc de fait de ne pas respecter la d\u00e9mocratie.<\/p>\n<p style=\"text-align: justify;\">Mais que peut on attendre d&rsquo;autre d&rsquo;une Europe qui ob\u00e9it aux injonctions de Monsieur Draghi , alors que lui m\u00eame n&rsquo;a pas \u00e9t\u00e9 \u00e9lu par le peuple au poste qu&rsquo;il occupe. Qu&rsquo;attendre d&rsquo;une Europe qui place aux responsabilit\u00e9s des personnes que les peuples d&rsquo;Europe n&rsquo;ont pas choisi.<\/p>\n<p style=\"text-align: justify;\">L&rsquo;heure est \u00e0 la mobilisation et \u00e0 la r\u00e9sistance contre ce d\u00e9ni de d\u00e9mocratie et pour la souverainet\u00e9 populaire, soutenons les grecs, car leur combat est aussi le n\u00f4tre.<\/p>\n<p style=\"text-align: justify;\"><a href=\"https:\/\/i0.wp.com\/blog-corbeil-essonnes.fr\/WordPress3\/wp-content\/uploads\/2015\/02\/carte-des-rassemblements.png?ssl=1\"><img decoding=\"async\" loading=\"lazy\" class=\"alignleft size-medium wp-image-14206\" src=\"https:\/\/i0.wp.com\/blog-corbeil-essonnes.fr\/WordPress3\/wp-content\/uploads\/2015\/02\/carte-des-rassemblements.png?resize=300%2C259&#038;ssl=1\" alt=\"carte des rassemblements\" width=\"300\" height=\"259\" srcset=\"https:\/\/i0.wp.com\/blog-corbeil-essonnes.fr\/WordPress3\/wp-content\/uploads\/2015\/02\/carte-des-rassemblements.png?resize=300%2C259&amp;ssl=1 300w, https:\/\/i0.wp.com\/blog-corbeil-essonnes.fr\/WordPress3\/wp-content\/uploads\/2015\/02\/carte-des-rassemblements.png?w=599&amp;ssl=1 599w\" sizes=\"(max-width: 300px) 100vw, 300px\" data-recalc-dims=\"1\" \/><\/a>Ce Week end soyons nombreux comme dans d&rsquo;autres pays Europ\u00e9ens \u00e0 apporter notre soutien au peuple grec et \u00e0 demander le respect du vote et de la d\u00e9mocratie.<\/p>\n<p style=\"text-align: justify;\">Voici une carte des rassemblements non exhaustive.<\/p>\n<p style=\"text-align: justify;\"><span style=\"text-decoration: underline;\"><strong>Ci dessous un appel collectif au rassemblement parisien<\/strong><\/span><\/p>\n<p style=\"text-align: justify;\"><strong>Exigeons tous ensemble le respect des choix du peuple grec<\/strong><\/p>\n<p><a href=\"https:\/\/i0.wp.com\/blog-corbeil-essonnes.fr\/WordPress3\/wp-content\/uploads\/2015\/02\/15fev.jpg?ssl=1\"><img decoding=\"async\" loading=\"lazy\" class=\"  wp-image-14204 aligncenter\" src=\"https:\/\/i0.wp.com\/blog-corbeil-essonnes.fr\/WordPress3\/wp-content\/uploads\/2015\/02\/15fev.jpg?resize=390%2C165&#038;ssl=1\" alt=\"15fev\" width=\"390\" height=\"165\" srcset=\"https:\/\/i0.wp.com\/blog-corbeil-essonnes.fr\/WordPress3\/wp-content\/uploads\/2015\/02\/15fev.jpg?resize=300%2C127&amp;ssl=1 300w, https:\/\/i0.wp.com\/blog-corbeil-essonnes.fr\/WordPress3\/wp-content\/uploads\/2015\/02\/15fev.jpg?w=932&amp;ssl=1 932w\" sizes=\"(max-width: 390px) 100vw, 390px\" data-recalc-dims=\"1\" \/><\/a><\/p>\n<p style=\"text-align: justify;\"><strong>Contre les politiques d\u2019auste\u0301rite\u0301. Pour une Europe sociale, e\u0301cologique et de\u0301mocratique.<\/strong><\/p>\n<p style=\"text-align: justify;\"><strong>Le peuple grec vient de faire un choix de\u0301mocratique clair\u00a0: il s\u2019est prononce\u0301 contre les politiques ne\u0301o-libe\u0301rales, pour une politique de gauche, dans l\u2019inte\u0301re\u0302t ge\u0301ne\u0301ral.<\/strong> Il a de\u0301nonce\u0301 les me\u0301morandums impose\u0301s par la troi\u0308ka de la Commission Europe\u0301enne, de la BCE et du FMI. Il a opte\u0301 en faveur de mesures concre\u0300tes afin d\u2019en finir avec le de\u0301sastre des politiques d\u2019auste\u0301rite\u0301.<\/p>\n<p style=\"text-align: justify;\"><strong>Nous sommes solidaires du choix du peuple grec<\/strong>, comme des manifestations massives ces derniers mois en Belgique, au Portugal, en Espagne, en Angleterre, en Irlande ou en Italie contre les politiques d\u2019auste\u0301rite\u0301. Un vent de changement se le\u0300ve en Europe. Cette victoire, ces espoirs et ces combats sont les no\u0302tres.<\/p>\n<p style=\"text-align: justify;\"><strong>Nous nous opposons fermement aux man\u0153uvres de chantage et d\u2019isolement qui visent a\u0300 empe\u0302cher la mise en \u0153uvre en Gre\u0300ce d\u2019une ve\u0301ritable politique de gauche.<\/strong> Nous condamnons les coups de force de la BCE ainsi que toutes les pressions anti-de\u0301mocratiques exerce\u0301es par la troi\u0308ka et l\u2019UE sur le gouvernement d\u2019Alexis Tsipras afin de maintenir a\u0300 tout prix les \u00ab\u00a0mesures structurelles\u00a0\u00bb ne\u0301olibe\u0301rales (baisse des salaires, privatisation, disparition des conventions collectives, etc) qui n\u2019ont pour re\u0301sultat que de mettre le peuple grec a\u0300 genoux. Nous soutenons l\u2019exigence d\u2019un re\u0300glement de\u0301mocratique et juste de la dette publique. Le gouvernement Grec doit pouvoir appliquer le mandat que lui a donne\u0301 le peuple\u00a0: la re\u0301ponse a\u0300 l\u2019urgence humanitaire, la sauvegarde et le re\u0301tablissement des services publics, la reconstruction du pays et la re\u0301alisation du programme de re\u0301formes soutenu par la population. Nous exigeons que le pre\u0301sident Franc\u0327ois Hollande et le gouvernement franc\u0327ais respectent le choix du peuple grec et soutiennent ses revendications.. C\u2019est ne\u0301cessaire pour la Gre\u0300ce, c\u2019est une chance pour l\u2019Europe. Nous soutenons donc le moratoire de la dette grecque. Nous proposons un audit citoyen de l\u2019ensemble de ces dettes qui constituent un fardeau inacceptable pour les peuples, et exigeons d\u2019en annuler la part injuste et ille\u0301gitime. Comme le peuple grec, nous de\u0301fendons le droit a\u0300 la satisfaction des besoins de la population en matie\u0300re d\u2019alimentation, d\u2019habillement, de sante\u0301, de logement, d\u2019e\u0301ducation, d\u2019emploi, de se\u0301curite\u0301 publique, de culture et d\u2019environnement.<\/p>\n<p style=\"text-align: justify;\"><strong>Nous appelons a\u0300 une marche a\u0300 Paris et dans d\u2019autres villes le dimanche 15 fe\u0301vrier<\/strong>, journe\u0301e de mobilisation europe\u0301enne (manifestations pre\u0301vues a\u0300 Athe\u0300nes, Rome, Lisbonne, Bruxelles, Amsterdam, Edimbourg, Berlin, etc) en soutien au peuple grec. C\u2019est ainsi que nous pourrons montrer avec force que la lutte du peuple grec est notre lutte, et qu\u2019ensemble \u2013 citoyen-ne-s, syndicats, partis, associations \u2013 nous allons modifier le cours de choses en rompant avec le cours libe\u0301ral et auste\u0301ritaire de l\u2019Europe, construire une alternative aux politiques ne\u0301olibe\u0301rales, stopper l\u2019auste\u0301rite\u0301 et agir pour une Europe sociale, e\u0301cologique et de\u0301mocratique.<\/p>\n<p style=\"text-align: justify;\"><strong>Signataires<\/strong><\/p>\n<p style=\"text-align: justify;\">Organisations politiques et syndicales, associations citoyennes Antarsya &#8211; France, ATTAC, CADTM, Collectif Roosevelt, Cie Bouche a\u0300 Bouche, Compagnie Erinna, Copernic, Club socialistes afflige\u0301s,Economistes atterre\u0301s,Ensemble, Femmes Egalite\u0301, Front populaire Tunisie Ile-de-France, Gre\u0300ce-France Re\u0301sistance, GU, Les effronte\u0301-e-s, Les Hommes sans e\u0301paules, Les jeunes e\u0301cologistes, Les Oranges, Marches europe\u0301ennes, Me\u0301moires des luttes, MJCF, MJS, Nouvelle Donne, NPA, PCF, PCOF, PG, Re\u0301publique et Socialisme, Solidarite\u0301 France Gre\u0300ce pour la Sante\u0301, Transform!<\/p>\n<p style=\"text-align: justify;\"><a href=\"https:\/\/i0.wp.com\/blog-corbeil-essonnes.fr\/WordPress3\/wp-content\/uploads\/2015\/02\/manif15jan.jpg?ssl=1\"><img decoding=\"async\" loading=\"lazy\" class=\"  wp-image-14205 aligncenter\" src=\"https:\/\/i0.wp.com\/blog-corbeil-essonnes.fr\/WordPress3\/wp-content\/uploads\/2015\/02\/manif15jan.jpg?resize=503%2C166&#038;ssl=1\" alt=\"manif15jan\" width=\"503\" height=\"166\" srcset=\"https:\/\/i0.wp.com\/blog-corbeil-essonnes.fr\/WordPress3\/wp-content\/uploads\/2015\/02\/manif15jan.jpg?resize=300%2C99&amp;ssl=1 300w, https:\/\/i0.wp.com\/blog-corbeil-essonnes.fr\/WordPress3\/wp-content\/uploads\/2015\/02\/manif15jan.jpg?w=561&amp;ssl=1 561w\" sizes=\"(max-width: 503px) 100vw, 503px\" data-recalc-dims=\"1\" \/><\/a><\/p>\n","protected":false},"excerpt":{"rendered":"<p>La Gr\u00e8ce n&rsquo;a pas quitt\u00e9 la une de l&rsquo;actualit\u00e9 depuis plusieurs semaines. Depuis le 25 janvier, pas une journ\u00e9e sans qu&rsquo;Alexis Tsipras n&rsquo;apparaisse dans nos &hellip; <\/p>\n","protected":false},"author":2,"featured_media":0,"comment_status":"open","ping_status":"open","sticky":false,"template":"","format":"standard","meta":{"jetpack_post_was_ever_published":false,"jetpack_publicize_message":"","jetpack_is_tweetstorm":false,"jetpack_publicize_feature_enabled":true,"jetpack_social_post_already_shared":true,"jetpack_social_options":{"image_generator_settings":{"template":"highway","enabled":false}}},"categories":[4323,4502,4528,4318,4365],"tags":[4703,4555,4554,4625,4709,4746],"jetpack_publicize_connections":[],"jetpack_featured_media_url":"","jetpack_sharing_enabled":true,"_links":{"self":[{"href":"https:\/\/blog-corbeil-essonnes.fr\/WordPress3\/wp-json\/wp\/v2\/posts\/14202"}],"collection":[{"href":"https:\/\/blog-corbeil-essonnes.fr\/WordPress3\/wp-json\/wp\/v2\/posts"}],"about":[{"href":"https:\/\/blog-corbeil-essonnes.fr\/WordPress3\/wp-json\/wp\/v2\/types\/post"}],"author":[{"embeddable":true,"href":"https:\/\/blog-corbeil-essonnes.fr\/WordPress3\/wp-json\/wp\/v2\/users\/2"}],"replies":[{"embeddable":true,"href":"https:\/\/blog-corbeil-essonnes.fr\/WordPress3\/wp-json\/wp\/v2\/comments?post=14202"}],"version-history":[{"count":0,"href":"https:\/\/blog-corbeil-essonnes.fr\/WordPress3\/wp-json\/wp\/v2\/posts\/14202\/revisions"}],"wp:attachment":[{"href":"https:\/\/blog-corbeil-essonnes.fr\/WordPress3\/wp-json\/wp\/v2\/media?parent=14202"}],"wp:term":[{"taxonomy":"category","embeddable":true,"href":"https:\/\/blog-corbeil-essonnes.fr\/WordPress3\/wp-json\/wp\/v2\/categories?post=14202"},{"taxonomy":"post_tag","embeddable":true,"href":"https:\/\/blog-corbeil-essonnes.fr\/WordPress3\/wp-json\/wp\/v2\/tags?post=14202"}],"curies":[{"name":"wp","href":"https:\/\/api.w.org\/{rel}","templated":true}]}}