{"id":14228,"date":"2015-03-20T22:59:08","date_gmt":"2015-03-20T21:59:08","guid":{"rendered":"http:\/\/blog-corbeil-essonnes.fr\/WordPress3\/?p=14228"},"modified":"2015-04-12T16:57:16","modified_gmt":"2015-04-12T15:57:16","slug":"dimanche-on-vote-front-de-gauche","status":"publish","type":"post","link":"https:\/\/blog-corbeil-essonnes.fr\/WordPress3\/2015\/03\/20\/dimanche-on-vote-front-de-gauche\/","title":{"rendered":"Dimanche on vote Front de Gauche"},"content":{"rendered":"<figure id=\"attachment_14229\" aria-describedby=\"caption-attachment-14229\" style=\"width: 300px\" class=\"wp-caption alignleft\"><a href=\"https:\/\/i0.wp.com\/blog-corbeil-essonnes.fr\/WordPress3\/wp-content\/uploads\/2015\/03\/DSC_1596.jpg?ssl=1\"><img decoding=\"async\" loading=\"lazy\" class=\"size-medium wp-image-14229\" src=\"https:\/\/i0.wp.com\/blog-corbeil-essonnes.fr\/WordPress3\/wp-content\/uploads\/2015\/03\/DSC_1596.jpg?resize=300%2C200&#038;ssl=1\" alt=\"Eric Coquerel venu soutenir les candidat FDG  et Philippe Juraver candidat ( 2 secr\u00e9taire Nationnaux du PArti de Gauche tr\u00e8s pr\u00e9sents dans les luttes\" width=\"300\" height=\"200\" srcset=\"https:\/\/i0.wp.com\/blog-corbeil-essonnes.fr\/WordPress3\/wp-content\/uploads\/2015\/03\/DSC_1596.jpg?resize=300%2C200&amp;ssl=1 300w, https:\/\/i0.wp.com\/blog-corbeil-essonnes.fr\/WordPress3\/wp-content\/uploads\/2015\/03\/DSC_1596.jpg?resize=1024%2C683&amp;ssl=1 1024w, https:\/\/i0.wp.com\/blog-corbeil-essonnes.fr\/WordPress3\/wp-content\/uploads\/2015\/03\/DSC_1596.jpg?resize=150%2C100&amp;ssl=1 150w, https:\/\/i0.wp.com\/blog-corbeil-essonnes.fr\/WordPress3\/wp-content\/uploads\/2015\/03\/DSC_1596.jpg?w=2400&amp;ssl=1 2400w, https:\/\/i0.wp.com\/blog-corbeil-essonnes.fr\/WordPress3\/wp-content\/uploads\/2015\/03\/DSC_1596.jpg?w=3600&amp;ssl=1 3600w\" sizes=\"(max-width: 300px) 100vw, 300px\" data-recalc-dims=\"1\" \/><\/a><figcaption id=\"caption-attachment-14229\" class=\"wp-caption-text\">Eric Coquerel venu soutenir les candidat FDG et Philippe Juraver candidat ( 2 secr\u00e9taires Nationaux du PArti de Gauche tr\u00e8s pr\u00e9sents dans les luttes<\/figcaption><\/figure>\n<p style=\"text-align: justify;\">Le premier tour des \u00e9lections d\u00e9partementales aura lieu dimanche. J&rsquo;aurais quelques beaux souvenirs de cette campagne un peu particuli\u00e8re. J&rsquo;ai particip\u00e9 a plusieurs actions de campagne avec mon camarade Philippe Juraver sur le canton de Massy et ce fut tr\u00e8s riche, riche en d\u00e9bat, riche en \u00e9changes et aussi par la personnalit\u00e9 de Philippe tr\u00e8s conviviale.\u00a0<!--more--><\/p>\n<p style=\"text-align: justify;\">J&rsquo;aimerais pouvoir voter pour lui et Colette Jan, son bin\u00f4me, que je connais moins , une belle \u00e9quipe Front \u00a0de Gauche .<\/p>\n<p style=\"text-align: justify;\">Une autre petit d\u00e9tour m&rsquo;a fait me d\u00e9placer sur Palaiseau pour une r\u00e9union sur la r\u00e9forme territoriale et l\u00e0, il n&rsquo;y a pas \u00e0 dire Fran\u00e7ois Cocq, autre secr\u00e9taire natonal du PG, m&rsquo;a dop\u00e9, il vous donne envie de vous battre m\u00eame quand la situation semble noire . Il \u00e9tait venu apporter son soutien \u00e0 Fr\u00e9d\u00e9rique Dumont et Gabriel Laumosne des candidats-tes FDG bien combatifs.<\/p>\n<p style=\"text-align: justify;\">Je voudrai apporter un autre petit soutien particulier \u00e0 Mounia Benaili qui nous rend plus fi\u00e8re de notre co-secr\u00e9taire d\u00e9partementale \u00e0 chacun de ses passages t\u00e9l\u00e9.<\/p>\n<p style=\"text-align: justify;\">Je ne d\u00e9taillerai pas ici les candidats du FDG qui m&rsquo;ont rendu heureuse de militer avec des battants , affirmant leurs id\u00e9es, d\u00e9fendant haut et fort les couleurs du front de gauche et redonnant de l&rsquo;espoir qu&rsquo;une alternative est possible avec une gauche qui ne se r\u00e9signera jamais.<\/p>\n<p style=\"text-align: justify;\">Alors pour ceux qui souhaitent conna\u00eetre le nom des candidats soutenus par le front de Gauche en Essonne, un lien vers la liste de ceux-ci se trouve en bas de cette note. Vous trouverez aussi un autre lien, celui vers la d\u00e9claration nationale de front de gauche qui rappelle que le Front de gauche est clairement positionn\u00e9 pour des candidats en autonomie total du PS.<\/p>\n<p style=\"text-align: justify;\">Pour terminer je voulais passer un petit message de soutien \u00e0 mes copains de Seine et Marne, et plus particuli\u00e8rement au breton de Savigny le Temple, un vrai camarade qui est rempla\u00e7ant dans cette \u00e9lection, belle campagne Monsieur Georges Tr\u00e9baol super heureuse de t&rsquo;avoir vu sur des affiches.<\/p>\n<p style=\"text-align: justify;\">Lien vers les candidats Front de Gauche en Essonne <a href=\"https:\/\/frontdegauchevigneux.wordpress.com\/2015\/03\/16\/le-front-de-gauche-present-dans-14-cantons-de-lessonne\/\">cliquer<\/a><\/p>\n<p style=\"text-align: justify;\">Lien vers d\u00e9claration du Front de Gauche pour les d\u00e9partementales <a href=\"https:\/\/www.lepartidegauche.fr\/actualites\/actualite\/declaration-front-gauche-sur-les-departementales-31102\">cliquer\u00a0<\/a><\/p>\n<p style=\"text-align: justify;\">Alors pour dimanche partout o\u00f9 cela est possible<\/p>\n<figure id=\"attachment_14230\" aria-describedby=\"caption-attachment-14230\" style=\"width: 300px\" class=\"wp-caption alignleft\"><a href=\"https:\/\/i0.wp.com\/blog-corbeil-essonnes.fr\/WordPress3\/wp-content\/uploads\/2015\/03\/CAjGl2pWAAA_DSn.jpg?ssl=1\"><img decoding=\"async\" loading=\"lazy\" class=\"size-medium wp-image-14230\" src=\"https:\/\/i0.wp.com\/blog-corbeil-essonnes.fr\/WordPress3\/wp-content\/uploads\/2015\/03\/CAjGl2pWAAA_DSn.jpg?resize=300%2C300&#038;ssl=1\" alt=\"je vote front de gauche\" width=\"300\" height=\"300\" srcset=\"https:\/\/i0.wp.com\/blog-corbeil-essonnes.fr\/WordPress3\/wp-content\/uploads\/2015\/03\/CAjGl2pWAAA_DSn.jpg?resize=300%2C300&amp;ssl=1 300w, https:\/\/i0.wp.com\/blog-corbeil-essonnes.fr\/WordPress3\/wp-content\/uploads\/2015\/03\/CAjGl2pWAAA_DSn.jpg?resize=150%2C150&amp;ssl=1 150w, https:\/\/i0.wp.com\/blog-corbeil-essonnes.fr\/WordPress3\/wp-content\/uploads\/2015\/03\/CAjGl2pWAAA_DSn.jpg?w=498&amp;ssl=1 498w\" sizes=\"(max-width: 300px) 100vw, 300px\" data-recalc-dims=\"1\" \/><\/a><figcaption id=\"caption-attachment-14230\" class=\"wp-caption-text\">je vote front de gauche<\/figcaption><\/figure>\n","protected":false},"excerpt":{"rendered":"<p>Le premier tour des \u00e9lections d\u00e9partementales aura lieu dimanche. J&rsquo;aurais quelques beaux souvenirs de cette campagne un peu particuli\u00e8re. J&rsquo;ai particip\u00e9 a plusieurs actions de &hellip; <\/p>\n","protected":false},"author":2,"featured_media":0,"comment_status":"open","ping_status":"open","sticky":false,"template":"","format":"standard","meta":{"jetpack_post_was_ever_published":false,"jetpack_publicize_message":"","jetpack_is_tweetstorm":false,"jetpack_publicize_feature_enabled":true,"jetpack_social_post_already_shared":true,"jetpack_social_options":{"image_generator_settings":{"template":"highway","enabled":false}}},"categories":[1],"tags":[4598,4750,4748,4761,4749],"jetpack_publicize_connections":[],"jetpack_featured_media_url":"","jetpack_sharing_enabled":true,"_links":{"self":[{"href":"https:\/\/blog-corbeil-essonnes.fr\/WordPress3\/wp-json\/wp\/v2\/posts\/14228"}],"collection":[{"href":"https:\/\/blog-corbeil-essonnes.fr\/WordPress3\/wp-json\/wp\/v2\/posts"}],"about":[{"href":"https:\/\/blog-corbeil-essonnes.fr\/WordPress3\/wp-json\/wp\/v2\/types\/post"}],"author":[{"embeddable":true,"href":"https:\/\/blog-corbeil-essonnes.fr\/WordPress3\/wp-json\/wp\/v2\/users\/2"}],"replies":[{"embeddable":true,"href":"https:\/\/blog-corbeil-essonnes.fr\/WordPress3\/wp-json\/wp\/v2\/comments?post=14228"}],"version-history":[{"count":0,"href":"https:\/\/blog-corbeil-essonnes.fr\/WordPress3\/wp-json\/wp\/v2\/posts\/14228\/revisions"}],"wp:attachment":[{"href":"https:\/\/blog-corbeil-essonnes.fr\/WordPress3\/wp-json\/wp\/v2\/media?parent=14228"}],"wp:term":[{"taxonomy":"category","embeddable":true,"href":"https:\/\/blog-corbeil-essonnes.fr\/WordPress3\/wp-json\/wp\/v2\/categories?post=14228"},{"taxonomy":"post_tag","embeddable":true,"href":"https:\/\/blog-corbeil-essonnes.fr\/WordPress3\/wp-json\/wp\/v2\/tags?post=14228"}],"curies":[{"name":"wp","href":"https:\/\/api.w.org\/{rel}","templated":true}]}}