{"id":14716,"date":"2019-07-15T11:29:01","date_gmt":"2019-07-15T10:29:01","guid":{"rendered":"http:\/\/blog-corbeil-essonnes.fr\/WordPress3\/?p=14716"},"modified":"2019-12-02T11:40:40","modified_gmt":"2019-12-02T10:40:40","slug":"question-centre-de-loisirs-08-07-2019","status":"publish","type":"post","link":"https:\/\/blog-corbeil-essonnes.fr\/WordPress3\/2019\/07\/15\/question-centre-de-loisirs-08-07-2019\/","title":{"rendered":"Question centre de loisirs 08\/07\/2019"},"content":{"rendered":"\n<p><br \/><\/p>\n\n\n\n<div class=\"wp-block-image\"><figure class=\"alignleft size-large\"><img decoding=\"async\" loading=\"lazy\" width=\"241\" height=\"264\" src=\"https:\/\/i0.wp.com\/blog-corbeil-essonnes.fr\/WordPress3\/wp-content\/uploads\/2017\/11\/DSCF81572-262x300.jpg?resize=241%2C264&#038;ssl=1\" alt=\"\" class=\"wp-image-14656\" data-recalc-dims=\"1\"\/><\/figure><\/div>\n\n\n\n<p><strong>Objet&nbsp;<\/strong><strong>: acc\u00e8s aux centres de loisirs sans h\u00e9bergement durant la p\u00e9riode estivale<\/strong><br \/><\/p>\n\n\n\n<p>Monsieur le Maire, cet \u00e9t\u00e9 de nombreux enfants de la commune fr\u00e9quenteront les centres de loisirs.<br \/><\/p>\n\n\n\n<p>Vous avez, je le sais, conscience que tous les parents ne sont pas v\u00e9hicul\u00e9s.<br \/><\/p>\n\n\n\n<p>Comme les autres ann\u00e9es seuls certains centres seront ouverts durant cette p\u00e9riode, les cons\u00e9quences pour les enfants sont des d\u00e9placements \u00e0 travers la ville.<br \/><\/p>\n\n\n\n<!--more-->\n\n\n\n<p>Les parents nous informe que les enfants d\u2019\u00e9l\u00e9mentaire vont tous au centre de loisirs Andr\u00e9-Malraux&nbsp;:<\/p>\n\n\n\n<p> Y aura-t-il un bus pour les y conduire&nbsp;?<br \/><\/p>\n\n\n\n<p>En lien avec la question pr\u00e9c\u00e9dente, les parents de Jean-Mac\u00e9 doivent emmener leurs enfants de maternelle \u00e0 Montagne-des-Glaises&nbsp;: s\u2019il n\u2019y a pas de bus en \u00e9l\u00e9mentaire, comment feront-ils pour accompagner les fratries&nbsp;?<br \/><\/p>\n\n\n\n<p>Autre probl\u00e8me&nbsp;: les enfants d\u2019\u00e2ge maternel de Montconseil, comme tous les ans, vont \u00e0 Th\u00e9odore-Steeg (Moulin-Galant). Beaucoup de parents de ce quartier (Montconseil) ne sont pas v\u00e9hicul\u00e9s. <\/p>\n\n\n\n<p>Nous avons eu la discussion sur le temps  trajet en transports en commun entre ces 2 quartiers lors d\u2019un pr\u00e9c\u00e9dent conseil municipal ( Il est bien trop long).<br \/><\/p>\n\n\n\n<p>Comptez-vous mettre l\u00e0 aussi un bus pour accompagner les enfants vers Moulin-Galant&nbsp;?<br \/><\/p>\n\n\n\n<p><strong>R\u00e9ponse de Martine BOUIN<\/strong><strong>&nbsp;:<\/strong><strong>&nbsp;<\/strong><br \/><\/p>\n\n\n\n<p>Tout d\u2019abord, pendant la p\u00e9riode estivale, 7 centres de loisirs sont ouverts, \u00e0 savoir&nbsp;:&nbsp;<\/p>\n\n\n\n<ul><li>pour les \u00e9l\u00e9mentaires : Andr\u00e9-Malraux, La Papeterie, Le Petit-Louis.<\/li><li>pour les maternels&nbsp;: Montagne-des-Glaises, Henri-Wallon, l\u2019Indienne, et Th\u00e9odore-Steeg.<\/li><\/ul>\n\n\n\n<p>Concernant le centre de loisirs Andr\u00e9-Malraux, comme \u00e0 l\u2019accoutum\u00e9 et pour tous les centres de loisirs de la ville, les parents doivent accompagner les enfants jusqu\u2019\u00e0 leur lieu d\u2019accueil.<br \/><\/p>\n\n\n\n<p>Pour les parents du centre de loisirs Jean-Mac\u00e9, seuls les parents b\u00e9n\u00e9ficiant d\u2019une d\u00e9rogation sont amen\u00e9s \u00e0 d\u00e9poser leur enfant sur le centre de loisirs Montagne-des-Glaises ce qui fait moins de <br \/>10 enfants. N\u00e9anmoins, un animateur est d\u00e9tach\u00e9 pour les amener sur le centre de loisirs Jean-Mac\u00e9 \u00e9l\u00e9mentaire.<br \/><\/p>\n\n\n\n<p>Je vous signale, qu\u2019\u00e0 ce jour, aucune contestation des parents n\u2019est \u00e0 signaler.<br \/><\/p>\n\n\n\n<p>Concernant les enfants qui se rendent au centre de loisirs de Th\u00e9odore-Steeg, je vous rappelle que depuis plus de 4 ans, la ligne de bus 303, reliant le quartier de Montconseil \u00e0 Moulin-Galant est supprim\u00e9e en raison du franchissement d\u2019un passage \u00e0 niveau. A ce jour aucune famille n\u2019a fait de r\u00e9clamation depuis la suppression de cette ligne de bus.&nbsp;<br \/><\/p>\n\n\n\n<p>Je vous signale que les parents qui ne souhaiteraient plus aller au centre de loisirs Th\u00e9odore-Steeg ont la possibilit\u00e9 de demander l\u2019inscription de leur enfant sur un autre accueil tels que l\u2019Indienne, Montagne-des-Glaises ou Henri-Wallon (ce dernier ferme en ao\u00fbt), avec une demande pr\u00e9alable au service enfance.&nbsp;<br \/><\/p>\n\n\n\n<p>Pour information, une moyenne de 15 \u00e0 20 enfants provenant de l\u2019A.L.S.H. \u00ab&nbsp;La Source&nbsp;\u00bb fr\u00e9quentent l\u2019A.L.S.H. Th\u00e9odore-Steeg.<br \/><\/p>\n\n\n\n<p>La commune ne peut affr\u00e9ter un bus car la probl\u00e9matique est la m\u00eame que pour le bus 303.<br \/><\/p>\n\n\n\n<p>A titre d\u2019information, la commune accueille, pendant la p\u00e9riode estivale, en moyenne 200 enfants par jour sur les centres maternels et 180 enfants sur les centres \u00e9l\u00e9mentaires.<br \/><\/p>\n","protected":false},"excerpt":{"rendered":"<p>Objet&nbsp;: acc\u00e8s aux centres de loisirs sans h\u00e9bergement durant la p\u00e9riode estivale Monsieur le Maire, cet \u00e9t\u00e9 de nombreux enfants de la commune fr\u00e9quenteront les &hellip; <\/p>\n","protected":false},"author":2,"featured_media":0,"comment_status":"open","ping_status":"open","sticky":false,"template":"","format":"standard","meta":{"jetpack_post_was_ever_published":false,"jetpack_publicize_message":"","jetpack_is_tweetstorm":false,"jetpack_publicize_feature_enabled":true,"jetpack_social_post_already_shared":true,"jetpack_social_options":{"image_generator_settings":{"template":"highway","enabled":false}}},"categories":[4326,4311,1,4347,4729],"tags":[],"jetpack_publicize_connections":[],"jetpack_featured_media_url":"","jetpack_sharing_enabled":true,"_links":{"self":[{"href":"https:\/\/blog-corbeil-essonnes.fr\/WordPress3\/wp-json\/wp\/v2\/posts\/14716"}],"collection":[{"href":"https:\/\/blog-corbeil-essonnes.fr\/WordPress3\/wp-json\/wp\/v2\/posts"}],"about":[{"href":"https:\/\/blog-corbeil-essonnes.fr\/WordPress3\/wp-json\/wp\/v2\/types\/post"}],"author":[{"embeddable":true,"href":"https:\/\/blog-corbeil-essonnes.fr\/WordPress3\/wp-json\/wp\/v2\/users\/2"}],"replies":[{"embeddable":true,"href":"https:\/\/blog-corbeil-essonnes.fr\/WordPress3\/wp-json\/wp\/v2\/comments?post=14716"}],"version-history":[{"count":0,"href":"https:\/\/blog-corbeil-essonnes.fr\/WordPress3\/wp-json\/wp\/v2\/posts\/14716\/revisions"}],"wp:attachment":[{"href":"https:\/\/blog-corbeil-essonnes.fr\/WordPress3\/wp-json\/wp\/v2\/media?parent=14716"}],"wp:term":[{"taxonomy":"category","embeddable":true,"href":"https:\/\/blog-corbeil-essonnes.fr\/WordPress3\/wp-json\/wp\/v2\/categories?post=14716"},{"taxonomy":"post_tag","embeddable":true,"href":"https:\/\/blog-corbeil-essonnes.fr\/WordPress3\/wp-json\/wp\/v2\/tags?post=14716"}],"curies":[{"name":"wp","href":"https:\/\/api.w.org\/{rel}","templated":true}]}}