{"id":4272,"date":"2007-06-20T11:02:03","date_gmt":"2007-06-20T11:02:03","guid":{"rendered":"http:\/\/corbeilessonnes.unblog.fr\/2007\/06\/20\/lavenir-de-lilot-salvandy\/"},"modified":"2011-05-25T12:45:34","modified_gmt":"2011-05-25T12:45:34","slug":"lavenir-de-lilot-salvandy","status":"publish","type":"post","link":"https:\/\/blog-corbeil-essonnes.fr\/WordPress3\/2007\/06\/20\/lavenir-de-lilot-salvandy\/","title":{"rendered":"L\u2019avenir de l\u2019ilot Salvandy"},"content":{"rendered":"<p style=\"text-align: justify;\">Mardi 19 juin une r\u00e9union a redonn\u00e9 un peu de vie \u00e0 l&rsquo;ancien tribunal place Salvandy \u00e0 Corbeil-Essonnes.<\/p>\n<p style=\"text-align: justify;\">Le Conseil g\u00e9n\u00e9ral propri\u00e9taire du b\u00e2timent pr\u00e9sentait un projet de revitalisation de cette partie du centre ville aux Corbeil-essonnois .Le but de l&rsquo;op\u00e9ration est de permettre \u00e0 ce secteur d&rsquo;\u00eatre de nouveau utilis\u00e9. Les premiers concern\u00e9s sont les imp\u00f4ts (actuellement en discussion) et la maison des solidarit\u00e9s, mais il y aurait aussi de l&rsquo;espace pour des professions lib\u00e9rales \u00e0 la recherche de bureau.<\/p>\n<p style=\"text-align: justify;\">La fa\u00e7ade serait respect\u00e9e par l&rsquo;architecte et le promoteur r\u00e9guli\u00e8rement en contact avec les B\u00e2timents de France.Un parking serait construit sous le batiment pour am\u00e9liorer le stationnement en centre ville, en particulier les jours de march\u00e9s.Un projet de redynamisation du centre ville pour lequel le d\u00e9but des travaux est pr\u00e9vu d\u00e9but 2008.<\/p>\n<div>\n<p><span style=\"font-family: verdana, geneva; font-size: xx-small;\"><br \/>\n<\/span><\/p>\n<p><span style=\"font-family: verdana, geneva; font-size: x-small;\"> <\/span><\/p>\n<div><span style=\"font-family: verdana, geneva; font-size: x-small;\"><object width=\"425\" height=\"334\"><\/object><\/span><\/div>\n<p>&nbsp;<\/p>\n<\/div>\n<p style=\"text-align: right;\">&nbsp;<\/p>\n<p style=\"text-align: justify;\">&nbsp;<\/p>\n","protected":false},"excerpt":{"rendered":"<p>Mardi 19 juin une r\u00e9union a redonn\u00e9 un peu de vie \u00e0 l&rsquo;ancien tribunal place Salvandy \u00e0 Corbeil-Essonnes. Le Conseil g\u00e9n\u00e9ral propri\u00e9taire du b\u00e2timent pr\u00e9sentait &hellip; <\/p>\n","protected":false},"author":2,"featured_media":0,"comment_status":"open","ping_status":"open","sticky":false,"template":"","format":"standard","meta":{"jetpack_post_was_ever_published":false,"jetpack_publicize_message":"","jetpack_is_tweetstorm":false,"jetpack_publicize_feature_enabled":true,"jetpack_social_post_already_shared":false,"jetpack_social_options":{"image_generator_settings":{"template":"highway","enabled":false}}},"categories":[4311,1,4328],"tags":[4757,4455,4454],"jetpack_publicize_connections":[],"jetpack_featured_media_url":"","jetpack_sharing_enabled":true,"_links":{"self":[{"href":"https:\/\/blog-corbeil-essonnes.fr\/WordPress3\/wp-json\/wp\/v2\/posts\/4272"}],"collection":[{"href":"https:\/\/blog-corbeil-essonnes.fr\/WordPress3\/wp-json\/wp\/v2\/posts"}],"about":[{"href":"https:\/\/blog-corbeil-essonnes.fr\/WordPress3\/wp-json\/wp\/v2\/types\/post"}],"author":[{"embeddable":true,"href":"https:\/\/blog-corbeil-essonnes.fr\/WordPress3\/wp-json\/wp\/v2\/users\/2"}],"replies":[{"embeddable":true,"href":"https:\/\/blog-corbeil-essonnes.fr\/WordPress3\/wp-json\/wp\/v2\/comments?post=4272"}],"version-history":[{"count":0,"href":"https:\/\/blog-corbeil-essonnes.fr\/WordPress3\/wp-json\/wp\/v2\/posts\/4272\/revisions"}],"wp:attachment":[{"href":"https:\/\/blog-corbeil-essonnes.fr\/WordPress3\/wp-json\/wp\/v2\/media?parent=4272"}],"wp:term":[{"taxonomy":"category","embeddable":true,"href":"https:\/\/blog-corbeil-essonnes.fr\/WordPress3\/wp-json\/wp\/v2\/categories?post=4272"},{"taxonomy":"post_tag","embeddable":true,"href":"https:\/\/blog-corbeil-essonnes.fr\/WordPress3\/wp-json\/wp\/v2\/tags?post=4272"}],"curies":[{"name":"wp","href":"https:\/\/api.w.org\/{rel}","templated":true}]}}