{"id":4279,"date":"2007-06-27T05:41:27","date_gmt":"2007-06-27T05:41:27","guid":{"rendered":"http:\/\/corbeilessonnes.unblog.fr\/2007\/06\/27\/fin-du-mois-du-jazz\/"},"modified":"2014-10-26T18:26:21","modified_gmt":"2014-10-26T17:26:21","slug":"fin-du-mois-du-jazz","status":"publish","type":"post","link":"https:\/\/blog-corbeil-essonnes.fr\/WordPress3\/2007\/06\/27\/fin-du-mois-du-jazz\/","title":{"rendered":"Fin du Mois du jazz"},"content":{"rendered":"<p style=\"text-align: justify;\">Dimanche 24 juin, dernier concert du mois du jazz. Les habitants de Corbeil-Essonnes ont pu appr\u00e9cier le talent de Guy Marchand.Le cadre tr\u00e8s agr\u00e9able du parc Chantemerle, se pr\u00eatait bien \u00e0 l&rsquo;humour et \u00e0 la voix de cet artiste complet.Guy Marchand ne se contente pas de chanter, il interpr\u00e8te ses chansons, il y met son \u00e2me et ses souvenirs.Merci \u00e0 ce septuag\u00e9naire, qui ne fait pas son \u00e2ge, de sa prestation chaleureuse et vivante.<\/p>\n","protected":false},"excerpt":{"rendered":"<p>Dimanche 24 juin, dernier concert du mois du jazz. Les habitants de Corbeil-Essonnes ont pu appr\u00e9cier le talent de Guy Marchand.Le cadre tr\u00e8s agr\u00e9able du &hellip; <\/p>\n","protected":false},"author":2,"featured_media":0,"comment_status":"open","ping_status":"open","sticky":false,"template":"","format":"standard","meta":{"jetpack_post_was_ever_published":false,"jetpack_publicize_message":"","jetpack_is_tweetstorm":false,"jetpack_publicize_feature_enabled":true,"jetpack_social_post_already_shared":false,"jetpack_social_options":{"image_generator_settings":{"template":"highway","enabled":false}}},"categories":[4311,1,4328],"tags":[4757,4513,4514],"jetpack_publicize_connections":[],"jetpack_featured_media_url":"","jetpack_sharing_enabled":true,"_links":{"self":[{"href":"https:\/\/blog-corbeil-essonnes.fr\/WordPress3\/wp-json\/wp\/v2\/posts\/4279"}],"collection":[{"href":"https:\/\/blog-corbeil-essonnes.fr\/WordPress3\/wp-json\/wp\/v2\/posts"}],"about":[{"href":"https:\/\/blog-corbeil-essonnes.fr\/WordPress3\/wp-json\/wp\/v2\/types\/post"}],"author":[{"embeddable":true,"href":"https:\/\/blog-corbeil-essonnes.fr\/WordPress3\/wp-json\/wp\/v2\/users\/2"}],"replies":[{"embeddable":true,"href":"https:\/\/blog-corbeil-essonnes.fr\/WordPress3\/wp-json\/wp\/v2\/comments?post=4279"}],"version-history":[{"count":0,"href":"https:\/\/blog-corbeil-essonnes.fr\/WordPress3\/wp-json\/wp\/v2\/posts\/4279\/revisions"}],"wp:attachment":[{"href":"https:\/\/blog-corbeil-essonnes.fr\/WordPress3\/wp-json\/wp\/v2\/media?parent=4279"}],"wp:term":[{"taxonomy":"category","embeddable":true,"href":"https:\/\/blog-corbeil-essonnes.fr\/WordPress3\/wp-json\/wp\/v2\/categories?post=4279"},{"taxonomy":"post_tag","embeddable":true,"href":"https:\/\/blog-corbeil-essonnes.fr\/WordPress3\/wp-json\/wp\/v2\/tags?post=4279"}],"curies":[{"name":"wp","href":"https:\/\/api.w.org\/{rel}","templated":true}]}}