{"id":4282,"date":"2007-07-02T21:18:30","date_gmt":"2007-07-02T21:18:30","guid":{"rendered":"http:\/\/corbeilessonnes.unblog.fr\/2007\/07\/02\/anru-et-corbeil-essonnes\/"},"modified":"2014-10-26T18:30:52","modified_gmt":"2014-10-26T17:30:52","slug":"anru-et-corbeil-essonnes","status":"publish","type":"post","link":"https:\/\/blog-corbeil-essonnes.fr\/WordPress3\/2007\/07\/02\/anru-et-corbeil-essonnes\/","title":{"rendered":"ANRU et Corbeil-Essonnes"},"content":{"rendered":"<p style=\"text-align: justify;\">\nLes conventions entre la ville de Corbeil-Essonnes et l&rsquo;ANRU (Agence Nationale de R\u00e9novation Urbaine) pour les quartiers de Montconseil et de La Nacelle viennent enfin d&rsquo;\u00eatre sign\u00e9es.<\/p>\n<p style=\"text-align: justify;\">En effet, est-il vraiment responsable de la part de la mairie d&rsquo;avoir dans ces deux quartiers commenc\u00e9 les travaux avant la signature des conventions. Heureusement pour les habitants qu&rsquo;elles sont finalement sign\u00e9es. Que serait-il arriv\u00e9 dans le cas contraire, les b\u00e2timents mur\u00e9s seraient-ils rest\u00e9s comme d\u00e9cors ?<\/p>\n<p style=\"text-align: justify;\">\nMais aujourd&rsquo;hui les habitants doivent rester vigilants, dur\u00e9e des travaux, perturbations cr\u00e9\u00e9es par ceux-\u00e7i dans la vie des gens, conditions de relogement pour les habitants dont les b\u00e2timents sont promis \u00e0 la d\u00e9molition, autant de sujets n\u00e9c\u00e9ssitant une attention particuli\u00e8re de la part de tous.<\/p>\n<p style=\"text-align: justify;\">Un autre point reste flou pour les citoyens de cette ville : quelle est la part de financement qui revient \u00e0 la mairie dans les travaux, le budget de la commune \u00e9tant loin d&rsquo;\u00eatre brillant, il est m\u00eame d\u00e9sastreux, comment finance-t&rsquo;on la part municipale de la r\u00e9novation de nos quartiers?<\/p>\n","protected":false},"excerpt":{"rendered":"<p>Les conventions entre la ville de Corbeil-Essonnes et l&rsquo;ANRU (Agence Nationale de R\u00e9novation Urbaine) pour les quartiers de Montconseil et de La Nacelle viennent enfin &hellip; <\/p>\n","protected":false},"author":2,"featured_media":0,"comment_status":"open","ping_status":"open","sticky":false,"template":"","format":"standard","meta":{"jetpack_post_was_ever_published":false,"jetpack_publicize_message":"","jetpack_is_tweetstorm":false,"jetpack_publicize_feature_enabled":true,"jetpack_social_post_already_shared":false,"jetpack_social_options":{"image_generator_settings":{"template":"highway","enabled":false}}},"categories":[4311,1,4328],"tags":[4374,4757],"jetpack_publicize_connections":[],"jetpack_featured_media_url":"","jetpack_sharing_enabled":true,"_links":{"self":[{"href":"https:\/\/blog-corbeil-essonnes.fr\/WordPress3\/wp-json\/wp\/v2\/posts\/4282"}],"collection":[{"href":"https:\/\/blog-corbeil-essonnes.fr\/WordPress3\/wp-json\/wp\/v2\/posts"}],"about":[{"href":"https:\/\/blog-corbeil-essonnes.fr\/WordPress3\/wp-json\/wp\/v2\/types\/post"}],"author":[{"embeddable":true,"href":"https:\/\/blog-corbeil-essonnes.fr\/WordPress3\/wp-json\/wp\/v2\/users\/2"}],"replies":[{"embeddable":true,"href":"https:\/\/blog-corbeil-essonnes.fr\/WordPress3\/wp-json\/wp\/v2\/comments?post=4282"}],"version-history":[{"count":0,"href":"https:\/\/blog-corbeil-essonnes.fr\/WordPress3\/wp-json\/wp\/v2\/posts\/4282\/revisions"}],"wp:attachment":[{"href":"https:\/\/blog-corbeil-essonnes.fr\/WordPress3\/wp-json\/wp\/v2\/media?parent=4282"}],"wp:term":[{"taxonomy":"category","embeddable":true,"href":"https:\/\/blog-corbeil-essonnes.fr\/WordPress3\/wp-json\/wp\/v2\/categories?post=4282"},{"taxonomy":"post_tag","embeddable":true,"href":"https:\/\/blog-corbeil-essonnes.fr\/WordPress3\/wp-json\/wp\/v2\/tags?post=4282"}],"curies":[{"name":"wp","href":"https:\/\/api.w.org\/{rel}","templated":true}]}}