{"id":4284,"date":"2007-07-17T12:47:39","date_gmt":"2007-07-17T12:47:39","guid":{"rendered":"http:\/\/corbeilessonnes.unblog.fr\/2007\/07\/17\/prochain-conseil-municipal\/"},"modified":"2014-10-11T09:31:41","modified_gmt":"2014-10-11T08:31:41","slug":"prochain-conseil-municipal","status":"publish","type":"post","link":"https:\/\/blog-corbeil-essonnes.fr\/WordPress3\/2007\/07\/17\/prochain-conseil-municipal\/","title":{"rendered":"Prochain Conseil municipal"},"content":{"rendered":"<p style=\"text-align: justify;\">Le prochain conseil municipal aura lieu le 19 juillet 2007 \u00e0 18h30 \u00e0 l&rsquo;h\u00f4tel de ville.<\/p>\n<p style=\"text-align: justify;\">A l&rsquo;ordre du jour la gestion des march\u00e9s de la ville.<\/p>\n","protected":false},"excerpt":{"rendered":"<p>Le prochain conseil municipal aura lieu le 19 juillet 2007 \u00e0 18h30 \u00e0 l&rsquo;h\u00f4tel de ville. A l&rsquo;ordre du jour la gestion des march\u00e9s de &hellip; <\/p>\n","protected":false},"author":2,"featured_media":0,"comment_status":"open","ping_status":"open","sticky":false,"template":"","format":"standard","meta":{"jetpack_post_was_ever_published":false,"jetpack_publicize_message":"","jetpack_is_tweetstorm":false,"jetpack_publicize_feature_enabled":true,"jetpack_social_post_already_shared":false,"jetpack_social_options":{"image_generator_settings":{"template":"highway","enabled":false}}},"categories":[4326,4311,1],"tags":[4414,4757],"jetpack_publicize_connections":[],"jetpack_featured_media_url":"","jetpack_sharing_enabled":true,"_links":{"self":[{"href":"https:\/\/blog-corbeil-essonnes.fr\/WordPress3\/wp-json\/wp\/v2\/posts\/4284"}],"collection":[{"href":"https:\/\/blog-corbeil-essonnes.fr\/WordPress3\/wp-json\/wp\/v2\/posts"}],"about":[{"href":"https:\/\/blog-corbeil-essonnes.fr\/WordPress3\/wp-json\/wp\/v2\/types\/post"}],"author":[{"embeddable":true,"href":"https:\/\/blog-corbeil-essonnes.fr\/WordPress3\/wp-json\/wp\/v2\/users\/2"}],"replies":[{"embeddable":true,"href":"https:\/\/blog-corbeil-essonnes.fr\/WordPress3\/wp-json\/wp\/v2\/comments?post=4284"}],"version-history":[{"count":0,"href":"https:\/\/blog-corbeil-essonnes.fr\/WordPress3\/wp-json\/wp\/v2\/posts\/4284\/revisions"}],"wp:attachment":[{"href":"https:\/\/blog-corbeil-essonnes.fr\/WordPress3\/wp-json\/wp\/v2\/media?parent=4284"}],"wp:term":[{"taxonomy":"category","embeddable":true,"href":"https:\/\/blog-corbeil-essonnes.fr\/WordPress3\/wp-json\/wp\/v2\/categories?post=4284"},{"taxonomy":"post_tag","embeddable":true,"href":"https:\/\/blog-corbeil-essonnes.fr\/WordPress3\/wp-json\/wp\/v2\/tags?post=4284"}],"curies":[{"name":"wp","href":"https:\/\/api.w.org\/{rel}","templated":true}]}}