{"id":4288,"date":"2007-07-29T17:36:08","date_gmt":"2007-07-29T17:36:08","guid":{"rendered":"http:\/\/corbeilessonnes.unblog.fr\/2007\/07\/29\/conventions-anru-pour-corbeil-essonnes\/"},"modified":"2014-10-11T09:29:07","modified_gmt":"2014-10-11T08:29:07","slug":"conventions-anru-pour-corbeil-essonnes","status":"publish","type":"post","link":"https:\/\/blog-corbeil-essonnes.fr\/WordPress3\/2007\/07\/29\/conventions-anru-pour-corbeil-essonnes\/","title":{"rendered":"Conventions ANRU pour Corbeil-Essonnes"},"content":{"rendered":"<p style=\"text-align: justify;\">Monsieur le Maire a, vendredi 27 juillet, en pr\u00e9sence d&rsquo;une quinzaine d&rsquo;\u00e9lus sur 39, fait voter les conventions sign\u00e9es avec l&rsquo;ANRU (Agence Nationale pour la R\u00e9novation Urbaine) pour les quartiers de Montconseil et de La Nacelle. Monsieur Dassault en faisant voter des d\u00e9lib\u00e9rations, dont l&rsquo;enjeu est l&rsquo;avenir des quartiers dits \u201csensibles\u201d de notre commune, \u00e0 la fin du mois de juillet et en l&rsquo;absence de nombreux \u00e9lus, nous montre une fois de plus que le mot d\u00e9mocratie n&rsquo;a pas de sens ni de valeur \u00e0 ses yeux.<\/p>\n<p style=\"text-align: justify;\">Nos \u00e9lus ont donc dans ces conditions vot\u00e9 en cercle restreint, des dossiers o\u00f9 il est question de 250 millions d&rsquo;euros, et qui auraient m\u00e9rit\u00e9 un minimum de d\u00e9bat sur l&rsquo;utilisation qui doit \u00eatre faite de ces sommes pour le bien-\u00eatre et l&rsquo;am\u00e9lioration des conditions de vie des habitants de ces quartiers.<\/p>\n<p style=\"text-align: justify;\">Nous attendons de voir les r\u00e9sultats de ses d\u00e9penses, mais ce qui m&rsquo;inqui\u00e8te aussi, c&rsquo;est la part des travaux financ\u00e9s par la mairie. Les difficult\u00e9s budg\u00e9taires \u00e9tant ce qu&rsquo;elles sont, comment payer ces travaux ?<\/p>\n<p style=\"text-align: justify;\">Autre question : les habitants vont-ils \u00eatre \u00e9cout\u00e9s ? Les \u00e9chos du m\u00e9contentement de ces derniers ne semblent pas indiquer qu&rsquo;ils l&rsquo;aient r\u00e9ellement \u00e9t\u00e9 jusqu&rsquo;ici. Alors les choses vont-elles \u00e9voluer?<\/p>\n<p style=\"text-align: justify;\">Les Corbeil-essonnois doivent \u00eatre attentifs \u00e0 ce qui va se faire sur ces quartiers dans l&rsquo;avenir. La Nacelle et Montconseil ont des besoins et leurs habitants sont les meilleurs experts \u00e0 consulter si nous voulons que la vie de nos cit\u00e9s s&rsquo;am\u00e9liore.<\/p>\n<p style=\"text-align: justify;\">Il en est de m\u00eame pour la r\u00e9novation du quartier des Tarter\u00eats, un cadre de vie agr\u00e9able, des commerces, des espaces verts, de l&#8217;emploi, de l&rsquo;entretien ETC\u2026 demandons aux habitants ce qu&rsquo;ils d\u00e9sirent pour leur avenir.<\/p>\n","protected":false},"excerpt":{"rendered":"<p>Monsieur le Maire a, vendredi 27 juillet, en pr\u00e9sence d&rsquo;une quinzaine d&rsquo;\u00e9lus sur 39, fait voter les conventions sign\u00e9es avec l&rsquo;ANRU (Agence Nationale pour la &hellip; <\/p>\n","protected":false},"author":2,"featured_media":0,"comment_status":"open","ping_status":"open","sticky":false,"template":"","format":"standard","meta":{"jetpack_post_was_ever_published":false,"jetpack_publicize_message":"","jetpack_is_tweetstorm":false,"jetpack_publicize_feature_enabled":true,"jetpack_social_post_already_shared":false,"jetpack_social_options":{"image_generator_settings":{"template":"highway","enabled":false}}},"categories":[4311,1,4328],"tags":[4374,4757,4383,4504],"jetpack_publicize_connections":[],"jetpack_featured_media_url":"","jetpack_sharing_enabled":true,"_links":{"self":[{"href":"https:\/\/blog-corbeil-essonnes.fr\/WordPress3\/wp-json\/wp\/v2\/posts\/4288"}],"collection":[{"href":"https:\/\/blog-corbeil-essonnes.fr\/WordPress3\/wp-json\/wp\/v2\/posts"}],"about":[{"href":"https:\/\/blog-corbeil-essonnes.fr\/WordPress3\/wp-json\/wp\/v2\/types\/post"}],"author":[{"embeddable":true,"href":"https:\/\/blog-corbeil-essonnes.fr\/WordPress3\/wp-json\/wp\/v2\/users\/2"}],"replies":[{"embeddable":true,"href":"https:\/\/blog-corbeil-essonnes.fr\/WordPress3\/wp-json\/wp\/v2\/comments?post=4288"}],"version-history":[{"count":0,"href":"https:\/\/blog-corbeil-essonnes.fr\/WordPress3\/wp-json\/wp\/v2\/posts\/4288\/revisions"}],"wp:attachment":[{"href":"https:\/\/blog-corbeil-essonnes.fr\/WordPress3\/wp-json\/wp\/v2\/media?parent=4288"}],"wp:term":[{"taxonomy":"category","embeddable":true,"href":"https:\/\/blog-corbeil-essonnes.fr\/WordPress3\/wp-json\/wp\/v2\/categories?post=4288"},{"taxonomy":"post_tag","embeddable":true,"href":"https:\/\/blog-corbeil-essonnes.fr\/WordPress3\/wp-json\/wp\/v2\/tags?post=4288"}],"curies":[{"name":"wp","href":"https:\/\/api.w.org\/{rel}","templated":true}]}}