{"id":4336,"date":"2007-09-28T10:36:21","date_gmt":"2007-09-28T10:36:21","guid":{"rendered":"http:\/\/corbeilessonnes.unblog.fr\/2007\/09\/28\/corbeil-essonnes-une-commune-peu-entretenue\/"},"modified":"2014-10-26T18:56:56","modified_gmt":"2014-10-26T17:56:56","slug":"corbeil-essonnes-une-commune-peu-entretenue","status":"publish","type":"post","link":"https:\/\/blog-corbeil-essonnes.fr\/WordPress3\/2007\/09\/28\/corbeil-essonnes-une-commune-peu-entretenue\/","title":{"rendered":"Corbeil-Essonnes une commune peu entretenue!"},"content":{"rendered":"<p>Que peut on penser de la ville de Corbeil-Essonnes ou plut\u00f4t de l&rsquo;\u00e9tat dans lequel elle se trouve, je sous entends par l\u00e0 son entretien si l&rsquo;on peut parler ainsi.<\/p>\n<p>Quelque soit le quartier il est facile de constater un laisser aller total dans l&rsquo;entretien de la ville, voirie , trottoirs etc.. tout semble un peu laiss\u00e9 \u00e0 l&rsquo;abandon.<\/p>\n<p>Prenons l&rsquo;exemple d&rsquo;Essonnes, Le marquage au sol des routes n&rsquo;existe pratiquement plus, les passages pi\u00e9tons ont ainsi disparu, inutile d&rsquo;expliquer le danger cr\u00e9er de ce fait. Dans ce m\u00eame quartier (merci \u00e0 l&rsquo;internaute qui m&rsquo;a envoy\u00e9 la photo et parl\u00e9 de son quartier) , dans le m\u00eame secteur l&rsquo;\u00e9tat des gardes s\u00e9curit\u00e9 derri\u00e8re l&rsquo;\u00e9cole laisse \u00e0 d\u00e9sirer.<\/p>\n<p>Sur la photo nous apercevons une affiche de la campagne de tri s\u00e9lectif des d\u00e9chets vieille de 4 ans , si le panneau dont le d\u00e9plorable \u00e9tat parle de lui m\u00eame n&rsquo;est pas plus utile , il est alors n\u00e9cessaire de l&rsquo;enlever, il n&rsquo;est pas vraiment d\u00e9coratif.<\/p>\n<p>Que dire des passerelles qui surplombent l&rsquo;essonne vers la place du march\u00e9 , des plaques de rouille apparente nous montrent l&rsquo;entretien effectu\u00e9 sur ces derni\u00e8res.<\/p>\n<p>En passant vers le stade de Robinson ,c\u00f4t\u00e9 jardins familiaux j&rsquo;ai pu voir une d\u00e9charge importante , que font ces d\u00e9chets en tous genre dans une enceinte sportive, car c&rsquo;est bien derri\u00e8re les grillages que ces d\u00e9tritus non enlev\u00e9s se trouvent.<\/p>\n<p>Ce ne sont que quelques exemples, alors que se passe t&rsquo;il cot\u00e9 entretien sur la commune de Corbeil-Essonnes ? Je ne sais pas , les Corbeil-Essonnois ont droit \u00e0 une ville propre et entretenue Monsieur le Maire faite votre travail.<\/p>\n","protected":false},"excerpt":{"rendered":"<p>Que peut on penser de la ville de Corbeil-Essonnes ou plut\u00f4t de l&rsquo;\u00e9tat dans lequel elle se trouve, je sous entends par l\u00e0 son entretien &hellip; <\/p>\n","protected":false},"author":2,"featured_media":0,"comment_status":"open","ping_status":"open","sticky":false,"template":"","format":"standard","meta":{"jetpack_post_was_ever_published":false,"jetpack_publicize_message":"","jetpack_is_tweetstorm":false,"jetpack_publicize_feature_enabled":true,"jetpack_social_post_already_shared":false,"jetpack_social_options":{"image_generator_settings":{"template":"highway","enabled":false}}},"categories":[4311,1,4328],"tags":[4757,4511],"jetpack_publicize_connections":[],"jetpack_featured_media_url":"","jetpack_sharing_enabled":true,"_links":{"self":[{"href":"https:\/\/blog-corbeil-essonnes.fr\/WordPress3\/wp-json\/wp\/v2\/posts\/4336"}],"collection":[{"href":"https:\/\/blog-corbeil-essonnes.fr\/WordPress3\/wp-json\/wp\/v2\/posts"}],"about":[{"href":"https:\/\/blog-corbeil-essonnes.fr\/WordPress3\/wp-json\/wp\/v2\/types\/post"}],"author":[{"embeddable":true,"href":"https:\/\/blog-corbeil-essonnes.fr\/WordPress3\/wp-json\/wp\/v2\/users\/2"}],"replies":[{"embeddable":true,"href":"https:\/\/blog-corbeil-essonnes.fr\/WordPress3\/wp-json\/wp\/v2\/comments?post=4336"}],"version-history":[{"count":0,"href":"https:\/\/blog-corbeil-essonnes.fr\/WordPress3\/wp-json\/wp\/v2\/posts\/4336\/revisions"}],"wp:attachment":[{"href":"https:\/\/blog-corbeil-essonnes.fr\/WordPress3\/wp-json\/wp\/v2\/media?parent=4336"}],"wp:term":[{"taxonomy":"category","embeddable":true,"href":"https:\/\/blog-corbeil-essonnes.fr\/WordPress3\/wp-json\/wp\/v2\/categories?post=4336"},{"taxonomy":"post_tag","embeddable":true,"href":"https:\/\/blog-corbeil-essonnes.fr\/WordPress3\/wp-json\/wp\/v2\/tags?post=4336"}],"curies":[{"name":"wp","href":"https:\/\/api.w.org\/{rel}","templated":true}]}}