{"id":4363,"date":"2007-10-25T14:57:37","date_gmt":"2007-10-25T14:57:37","guid":{"rendered":"http:\/\/corbeilessonnes.unblog.fr\/2007\/10\/25\/un-autre-projet-pour-les-papeteries-darblay\/"},"modified":"2014-10-27T09:43:15","modified_gmt":"2014-10-27T08:43:15","slug":"un-autre-projet-pour-les-papeteries-darblay","status":"publish","type":"post","link":"https:\/\/blog-corbeil-essonnes.fr\/WordPress3\/2007\/10\/25\/un-autre-projet-pour-les-papeteries-darblay\/","title":{"rendered":"Un autre projet pour les papeteries Darblay"},"content":{"rendered":"<p>Une r\u00e9union a eu lieu vendredi 19 octobre sur le th\u00e8me \u201cun autre projet pour les 14 hectares des terrains de la papeterie\u201d.<\/p>\n<p>Je vous propose des vid\u00e9os de cette soir\u00e9e tr\u00e8s int\u00e9ressante qui s&rsquo;est d\u00e9roul\u00e9e \u00e0\u00a0 Villab\u00e9.<\/p>\n<p>&nbsp;<\/p>\n<div><object width=\"425\" height=\"334\"><\/object><\/div>\n<p>&nbsp;<\/p>\n<div><object width=\"425\" height=\"334\"><\/object><\/div>\n<p>&nbsp;<\/p>\n<div><object width=\"425\" height=\"334\"><\/object><\/div>\n<p>&nbsp;<\/p>\n<p>&nbsp;<\/p>\n<p>&nbsp;<\/p>\n<p>&nbsp;<\/p>\n","protected":false},"excerpt":{"rendered":"<p>Une r\u00e9union a eu lieu vendredi 19 octobre sur le th\u00e8me \u201cun autre projet pour les 14 hectares des terrains de la papeterie\u201d. Je vous &hellip; <\/p>\n","protected":false},"author":2,"featured_media":0,"comment_status":"open","ping_status":"open","sticky":false,"template":"","format":"standard","meta":{"jetpack_post_was_ever_published":false,"jetpack_publicize_message":"","jetpack_is_tweetstorm":false,"jetpack_publicize_feature_enabled":true,"jetpack_social_post_already_shared":false,"jetpack_social_options":{"image_generator_settings":{"template":"highway","enabled":false}}},"categories":[4311,4328],"tags":[4757,4403,4510],"jetpack_publicize_connections":[],"jetpack_featured_media_url":"","jetpack_sharing_enabled":true,"_links":{"self":[{"href":"https:\/\/blog-corbeil-essonnes.fr\/WordPress3\/wp-json\/wp\/v2\/posts\/4363"}],"collection":[{"href":"https:\/\/blog-corbeil-essonnes.fr\/WordPress3\/wp-json\/wp\/v2\/posts"}],"about":[{"href":"https:\/\/blog-corbeil-essonnes.fr\/WordPress3\/wp-json\/wp\/v2\/types\/post"}],"author":[{"embeddable":true,"href":"https:\/\/blog-corbeil-essonnes.fr\/WordPress3\/wp-json\/wp\/v2\/users\/2"}],"replies":[{"embeddable":true,"href":"https:\/\/blog-corbeil-essonnes.fr\/WordPress3\/wp-json\/wp\/v2\/comments?post=4363"}],"version-history":[{"count":0,"href":"https:\/\/blog-corbeil-essonnes.fr\/WordPress3\/wp-json\/wp\/v2\/posts\/4363\/revisions"}],"wp:attachment":[{"href":"https:\/\/blog-corbeil-essonnes.fr\/WordPress3\/wp-json\/wp\/v2\/media?parent=4363"}],"wp:term":[{"taxonomy":"category","embeddable":true,"href":"https:\/\/blog-corbeil-essonnes.fr\/WordPress3\/wp-json\/wp\/v2\/categories?post=4363"},{"taxonomy":"post_tag","embeddable":true,"href":"https:\/\/blog-corbeil-essonnes.fr\/WordPress3\/wp-json\/wp\/v2\/tags?post=4363"}],"curies":[{"name":"wp","href":"https:\/\/api.w.org\/{rel}","templated":true}]}}