{"id":4364,"date":"2007-10-27T12:07:41","date_gmt":"2007-10-27T12:07:41","guid":{"rendered":"http:\/\/corbeilessonnes.unblog.fr\/2007\/10\/27\/tarterets-beaucoup-de-solidarite-envers-les-sinistres\/"},"modified":"2014-10-26T19:01:39","modified_gmt":"2014-10-26T18:01:39","slug":"tarterets-beaucoup-de-solidarite-envers-les-sinistres","status":"publish","type":"post","link":"https:\/\/blog-corbeil-essonnes.fr\/WordPress3\/2007\/10\/27\/tarterets-beaucoup-de-solidarite-envers-les-sinistres\/","title":{"rendered":"Tarter\u00eats beaucoup de solidarit\u00e9 envers les sinistr\u00e9s"},"content":{"rendered":"<p>De nombreuses personnes ont r\u00e9pondu \u00e0 l&rsquo;appel lanc\u00e9 par l&rsquo;amicale des locataires et le conseiller g\u00e9n\u00e9ral du canton pour aider les habitants du 21 avenue L\u00e9on Blum, victimes d&rsquo;un incendie le 17 octobre dernier. Vendredi 26 octobre, les familles qui ont tout perdu dans cet incendie ont \u00e9t\u00e9 convi\u00e9es \u00e0 une r\u00e9union par l&rsquo;amicale des locataires du logement francilien.<\/p>\n<p>A cette occasion Bruno Piriou, Vice pr\u00e9sident du Conseil g\u00e9n\u00e9ral de l&rsquo;Essonne, invit\u00e9 par l&rsquo;amicale a donn\u00e9 aux familles des informations concernant l&rsquo;aide mat\u00e9riel fourni par le Conseil g\u00e9n\u00e9ral, et sur le dispositif d&rsquo;\u00e9coute des victimes qui est mis en place par les travailleurs sociaux du d\u00e9partement. Les victimes pr\u00e9sentes ont put exprimer leurs difficult\u00e9s.<\/p>\n<p>Le d\u00e9sarroi de ces familles, n&rsquo;est pas seulement d&rsquo;ordre mat\u00e9riel, la peur facteur psychologique particuli\u00e8rement lourd appara\u00eet dans toutes leurs paroles.<\/p>\n<p>Ce moment de dialogue chaleureux a permis \u00e0 l&rsquo;amicale d&rsquo;organiser le processus de redistribution des dons effectu\u00e9 g\u00e9n\u00e9reusement par les habitants des Tarter\u00eats et d&rsquo;autres quartiers de Corbeil-Essonnes.<\/p>\n<p>Ce fut aussi une mani\u00e8re d\u2019apporter un soutien moral aux victimes, l&rsquo;amicale avait pour l&rsquo;occasion pr\u00e9par\u00e9 une petite collation.<\/p>\n<p>Jos\u00e9 Kinkela, Pr\u00e9sident de l&rsquo;amicale des locataires, et Bruno Piriou comptent lors de leur rencontre au minist\u00e8re du logement et de la ville, parler du probl\u00e8me de ces familles \u00e0 leurs interlocuteurs.<\/p>\n","protected":false},"excerpt":{"rendered":"<p>De nombreuses personnes ont r\u00e9pondu \u00e0 l&rsquo;appel lanc\u00e9 par l&rsquo;amicale des locataires et le conseiller g\u00e9n\u00e9ral du canton pour aider les habitants du 21 avenue &hellip; <\/p>\n","protected":false},"author":2,"featured_media":0,"comment_status":"open","ping_status":"open","sticky":false,"template":"","format":"standard","meta":{"jetpack_post_was_ever_published":false,"jetpack_publicize_message":"","jetpack_is_tweetstorm":false,"jetpack_publicize_feature_enabled":true,"jetpack_social_post_already_shared":false,"jetpack_social_options":{"image_generator_settings":{"template":"highway","enabled":false}}},"categories":[4311,1,4328],"tags":[4757,4361],"jetpack_publicize_connections":[],"jetpack_featured_media_url":"","jetpack_sharing_enabled":true,"_links":{"self":[{"href":"https:\/\/blog-corbeil-essonnes.fr\/WordPress3\/wp-json\/wp\/v2\/posts\/4364"}],"collection":[{"href":"https:\/\/blog-corbeil-essonnes.fr\/WordPress3\/wp-json\/wp\/v2\/posts"}],"about":[{"href":"https:\/\/blog-corbeil-essonnes.fr\/WordPress3\/wp-json\/wp\/v2\/types\/post"}],"author":[{"embeddable":true,"href":"https:\/\/blog-corbeil-essonnes.fr\/WordPress3\/wp-json\/wp\/v2\/users\/2"}],"replies":[{"embeddable":true,"href":"https:\/\/blog-corbeil-essonnes.fr\/WordPress3\/wp-json\/wp\/v2\/comments?post=4364"}],"version-history":[{"count":0,"href":"https:\/\/blog-corbeil-essonnes.fr\/WordPress3\/wp-json\/wp\/v2\/posts\/4364\/revisions"}],"wp:attachment":[{"href":"https:\/\/blog-corbeil-essonnes.fr\/WordPress3\/wp-json\/wp\/v2\/media?parent=4364"}],"wp:term":[{"taxonomy":"category","embeddable":true,"href":"https:\/\/blog-corbeil-essonnes.fr\/WordPress3\/wp-json\/wp\/v2\/categories?post=4364"},{"taxonomy":"post_tag","embeddable":true,"href":"https:\/\/blog-corbeil-essonnes.fr\/WordPress3\/wp-json\/wp\/v2\/tags?post=4364"}],"curies":[{"name":"wp","href":"https:\/\/api.w.org\/{rel}","templated":true}]}}