{"id":4365,"date":"2007-10-29T15:18:40","date_gmt":"2007-10-29T15:18:40","guid":{"rendered":"http:\/\/corbeilessonnes.unblog.fr\/2007\/10\/29\/tour-de-france-a-pied-pour-un-corbeil-essonnois\/"},"modified":"2014-10-26T19:00:44","modified_gmt":"2014-10-26T18:00:44","slug":"tour-de-france-a-pied-pour-un-corbeil-essonnois","status":"publish","type":"post","link":"https:\/\/blog-corbeil-essonnes.fr\/WordPress3\/2007\/10\/29\/tour-de-france-a-pied-pour-un-corbeil-essonnois\/","title":{"rendered":"Tour de France \u00e0 Pied Pour un Corbeil-Essonnois"},"content":{"rendered":"<p>Aim\u00e9 Amelin personnage bien connu dans notre ville \u00e0 d\u00e9cid\u00e9 de faire le tour de France \u00e0 pied.<\/p>\n<p>La premi\u00e8re \u00e9tape de son p\u00e9riple d\u00e9butera \u00e0 la fronti\u00e8re Franco-belges le 2 janvier et ralliera la ville de Brest le 15 mars si tout se passe bien.Il se donne 5 ans pour effectuer la totalit\u00e9 des \u00e9tapes de son tour de France.<\/p>\n<p>Inscrit \u00e0 la f\u00e9d\u00e9ration fran\u00e7aise de randonn\u00e9e, Aim\u00e9 adore la marche depuis qu&rsquo;il est petit. Il pr\u00e9pare actuellement tr\u00e8s s\u00e9rieusement ce voyage, et vient de terminer la remont\u00e9e du canal de Brest \u00e0 Nantes soit 400 Kilom\u00e8tres.<\/p>\n<p>Je souhaite bonne chance \u00e0 notre randonneur dans son entreprise courageuse.<\/p>\n","protected":false},"excerpt":{"rendered":"<p>Aim\u00e9 Amelin personnage bien connu dans notre ville \u00e0 d\u00e9cid\u00e9 de faire le tour de France \u00e0 pied. La premi\u00e8re \u00e9tape de son p\u00e9riple d\u00e9butera &hellip; <\/p>\n","protected":false},"author":2,"featured_media":0,"comment_status":"open","ping_status":"open","sticky":false,"template":"","format":"standard","meta":{"jetpack_post_was_ever_published":false,"jetpack_publicize_message":"","jetpack_is_tweetstorm":false,"jetpack_publicize_feature_enabled":true,"jetpack_social_post_already_shared":false,"jetpack_social_options":{"image_generator_settings":{"template":"highway","enabled":false}}},"categories":[4311,1,4328],"tags":[4757],"jetpack_publicize_connections":[],"jetpack_featured_media_url":"","jetpack_sharing_enabled":true,"_links":{"self":[{"href":"https:\/\/blog-corbeil-essonnes.fr\/WordPress3\/wp-json\/wp\/v2\/posts\/4365"}],"collection":[{"href":"https:\/\/blog-corbeil-essonnes.fr\/WordPress3\/wp-json\/wp\/v2\/posts"}],"about":[{"href":"https:\/\/blog-corbeil-essonnes.fr\/WordPress3\/wp-json\/wp\/v2\/types\/post"}],"author":[{"embeddable":true,"href":"https:\/\/blog-corbeil-essonnes.fr\/WordPress3\/wp-json\/wp\/v2\/users\/2"}],"replies":[{"embeddable":true,"href":"https:\/\/blog-corbeil-essonnes.fr\/WordPress3\/wp-json\/wp\/v2\/comments?post=4365"}],"version-history":[{"count":0,"href":"https:\/\/blog-corbeil-essonnes.fr\/WordPress3\/wp-json\/wp\/v2\/posts\/4365\/revisions"}],"wp:attachment":[{"href":"https:\/\/blog-corbeil-essonnes.fr\/WordPress3\/wp-json\/wp\/v2\/media?parent=4365"}],"wp:term":[{"taxonomy":"category","embeddable":true,"href":"https:\/\/blog-corbeil-essonnes.fr\/WordPress3\/wp-json\/wp\/v2\/categories?post=4365"},{"taxonomy":"post_tag","embeddable":true,"href":"https:\/\/blog-corbeil-essonnes.fr\/WordPress3\/wp-json\/wp\/v2\/tags?post=4365"}],"curies":[{"name":"wp","href":"https:\/\/api.w.org\/{rel}","templated":true}]}}