{"id":4374,"date":"2007-11-22T16:30:01","date_gmt":"2007-11-22T16:30:01","guid":{"rendered":"http:\/\/corbeilessonnes.unblog.fr\/2007\/11\/22\/et-maintenant-le-forum-de-la-mjc\/"},"modified":"2014-10-27T16:16:07","modified_gmt":"2014-10-27T15:16:07","slug":"et-maintenant-le-forum-de-la-mjc","status":"publish","type":"post","link":"https:\/\/blog-corbeil-essonnes.fr\/WordPress3\/2007\/11\/22\/et-maintenant-le-forum-de-la-mjc\/","title":{"rendered":"Et maintenant le Forum de La MJC"},"content":{"rendered":"<p>La Villensemble apr\u00e8s un Forum qui a accueilli 120 habitants de notre ville, annonce le second qui aura lieu \u00e0 la Maison des jeunes et de la culture.<\/p>\n<p>&nbsp;<\/p>\n<p>Le Forum des Tarter\u00eats de la Villensemble a permis mardi soir, une prise de parole libre,\u00a0 parfois \u00e9mouvante . Les habitants ont parl\u00e9 de leurs attentes mais aussi de leur v\u00e9cu, la soir\u00e9e fut riche en \u00e9changes.<\/p>\n<p>Je vous invite a vous rendre au Forum du 28 novembre pour participer vous aussi :lveafficheforum28nov<\/p>\n<p>&nbsp;<\/p>\n","protected":false},"excerpt":{"rendered":"<p>La Villensemble apr\u00e8s un Forum qui a accueilli 120 habitants de notre ville, annonce le second qui aura lieu \u00e0 la Maison des jeunes et &hellip; <\/p>\n","protected":false},"author":2,"featured_media":0,"comment_status":"open","ping_status":"open","sticky":false,"template":"","format":"standard","meta":{"jetpack_post_was_ever_published":false,"jetpack_publicize_message":"","jetpack_is_tweetstorm":false,"jetpack_publicize_feature_enabled":true,"jetpack_social_post_already_shared":false,"jetpack_social_options":{"image_generator_settings":{"template":"highway","enabled":false}}},"categories":[4311,1,4328],"tags":[4757,4508],"jetpack_publicize_connections":[],"jetpack_featured_media_url":"","jetpack_sharing_enabled":true,"_links":{"self":[{"href":"https:\/\/blog-corbeil-essonnes.fr\/WordPress3\/wp-json\/wp\/v2\/posts\/4374"}],"collection":[{"href":"https:\/\/blog-corbeil-essonnes.fr\/WordPress3\/wp-json\/wp\/v2\/posts"}],"about":[{"href":"https:\/\/blog-corbeil-essonnes.fr\/WordPress3\/wp-json\/wp\/v2\/types\/post"}],"author":[{"embeddable":true,"href":"https:\/\/blog-corbeil-essonnes.fr\/WordPress3\/wp-json\/wp\/v2\/users\/2"}],"replies":[{"embeddable":true,"href":"https:\/\/blog-corbeil-essonnes.fr\/WordPress3\/wp-json\/wp\/v2\/comments?post=4374"}],"version-history":[{"count":0,"href":"https:\/\/blog-corbeil-essonnes.fr\/WordPress3\/wp-json\/wp\/v2\/posts\/4374\/revisions"}],"wp:attachment":[{"href":"https:\/\/blog-corbeil-essonnes.fr\/WordPress3\/wp-json\/wp\/v2\/media?parent=4374"}],"wp:term":[{"taxonomy":"category","embeddable":true,"href":"https:\/\/blog-corbeil-essonnes.fr\/WordPress3\/wp-json\/wp\/v2\/categories?post=4374"},{"taxonomy":"post_tag","embeddable":true,"href":"https:\/\/blog-corbeil-essonnes.fr\/WordPress3\/wp-json\/wp\/v2\/tags?post=4374"}],"curies":[{"name":"wp","href":"https:\/\/api.w.org\/{rel}","templated":true}]}}