{"id":4392,"date":"2007-12-06T07:34:34","date_gmt":"2007-12-06T07:34:34","guid":{"rendered":"http:\/\/corbeilessonnes.unblog.fr\/2007\/12\/06\/quatrieme-forum-de-la-villensemble\/"},"modified":"2014-10-27T16:15:04","modified_gmt":"2014-10-27T15:15:04","slug":"quatrieme-forum-de-la-villensemble","status":"publish","type":"post","link":"https:\/\/blog-corbeil-essonnes.fr\/WordPress3\/2007\/12\/06\/quatrieme-forum-de-la-villensemble\/","title":{"rendered":"Quatri\u00e8me Forum de la villensemble"},"content":{"rendered":"<p>Apr\u00e8s un troisi\u00e8me forum r\u00e9ussi, \u00e0 Montconseil, o\u00f9 pr\u00e8s de cent personnes ont au cours de la soir\u00e9e, particip\u00e9 \u00e0 un d\u00e9bat riche et chaleureux, lavillensemble, liste men\u00e9e par Bruno Piriou, et, compos\u00e9e des verts, du parti communiste, de l&rsquo;association g\u00e9n\u00e9ration citoyenne, de personnalit\u00e9s socialistes et de citoyens non-encart\u00e9s,\u00a0organise son quatri\u00e8me forum participatif.<\/p>\n<p>Ce Forum, qui esp\u00e9rons-le, sera aussi riche que les 3 premiers, aura lieu\u00a0<strong>mardi 11 d\u00e9cembre \u00e0 20h 30 \u00e0 l&rsquo;espace Papeterie , rue Jean BOUVET (pr\u00e8s de Pom Chou).<\/strong><\/p>\n","protected":false},"excerpt":{"rendered":"<p>Apr\u00e8s un troisi\u00e8me forum r\u00e9ussi, \u00e0 Montconseil, o\u00f9 pr\u00e8s de cent personnes ont au cours de la soir\u00e9e, particip\u00e9 \u00e0 un d\u00e9bat riche et chaleureux, &hellip; <\/p>\n","protected":false},"author":2,"featured_media":0,"comment_status":"open","ping_status":"open","sticky":false,"template":"","format":"standard","meta":{"jetpack_post_was_ever_published":false,"jetpack_publicize_message":"","jetpack_is_tweetstorm":false,"jetpack_publicize_feature_enabled":true,"jetpack_social_post_already_shared":false,"jetpack_social_options":{"image_generator_settings":{"template":"highway","enabled":false}}},"categories":[4311,4346,1],"tags":[4757,4434],"jetpack_publicize_connections":[],"jetpack_featured_media_url":"","jetpack_sharing_enabled":true,"_links":{"self":[{"href":"https:\/\/blog-corbeil-essonnes.fr\/WordPress3\/wp-json\/wp\/v2\/posts\/4392"}],"collection":[{"href":"https:\/\/blog-corbeil-essonnes.fr\/WordPress3\/wp-json\/wp\/v2\/posts"}],"about":[{"href":"https:\/\/blog-corbeil-essonnes.fr\/WordPress3\/wp-json\/wp\/v2\/types\/post"}],"author":[{"embeddable":true,"href":"https:\/\/blog-corbeil-essonnes.fr\/WordPress3\/wp-json\/wp\/v2\/users\/2"}],"replies":[{"embeddable":true,"href":"https:\/\/blog-corbeil-essonnes.fr\/WordPress3\/wp-json\/wp\/v2\/comments?post=4392"}],"version-history":[{"count":0,"href":"https:\/\/blog-corbeil-essonnes.fr\/WordPress3\/wp-json\/wp\/v2\/posts\/4392\/revisions"}],"wp:attachment":[{"href":"https:\/\/blog-corbeil-essonnes.fr\/WordPress3\/wp-json\/wp\/v2\/media?parent=4392"}],"wp:term":[{"taxonomy":"category","embeddable":true,"href":"https:\/\/blog-corbeil-essonnes.fr\/WordPress3\/wp-json\/wp\/v2\/categories?post=4392"},{"taxonomy":"post_tag","embeddable":true,"href":"https:\/\/blog-corbeil-essonnes.fr\/WordPress3\/wp-json\/wp\/v2\/tags?post=4392"}],"curies":[{"name":"wp","href":"https:\/\/api.w.org\/{rel}","templated":true}]}}