{"id":4395,"date":"2007-12-14T07:52:15","date_gmt":"2007-12-14T07:52:15","guid":{"rendered":"http:\/\/corbeilessonnes.unblog.fr\/2007\/12\/14\/ordre-du-jour-du-conseil-municipal-de-corbeil-essonnes\/"},"modified":"2014-11-13T18:29:42","modified_gmt":"2014-11-13T17:29:42","slug":"ordre-du-jour-du-conseil-municipal-de-corbeil-essonnes","status":"publish","type":"post","link":"https:\/\/blog-corbeil-essonnes.fr\/WordPress3\/2007\/12\/14\/ordre-du-jour-du-conseil-municipal-de-corbeil-essonnes\/","title":{"rendered":"Ordre du jour du Conseil Municipal de Corbeil-Essonnes"},"content":{"rendered":"<p>Le Conseil Municipal de Corbeil-Essonnes, se r\u00e9unit le Mardi 18 d\u00e9cembre 2007, \u00e0 18h 30 en mairie, place Galignani ,<\/p>\n<p>vous pouvez consultez l&rsquo;ordre du jour de la s\u00e9ance :\u00a0avisdereunionduconseilmunicipal181207<\/p>\n<p>&nbsp;<\/p>\n","protected":false},"excerpt":{"rendered":"<p>Le Conseil Municipal de Corbeil-Essonnes, se r\u00e9unit le Mardi 18 d\u00e9cembre 2007, \u00e0 18h 30 en mairie, place Galignani , vous pouvez consultez l&rsquo;ordre du &hellip; <\/p>\n","protected":false},"author":2,"featured_media":0,"comment_status":"open","ping_status":"open","sticky":false,"template":"","format":"standard","meta":{"jetpack_post_was_ever_published":false,"jetpack_publicize_message":"","jetpack_is_tweetstorm":false,"jetpack_publicize_feature_enabled":true,"jetpack_social_post_already_shared":false,"jetpack_social_options":{"image_generator_settings":{"template":"highway","enabled":false}}},"categories":[4311,4346,1],"tags":[4414,4757],"jetpack_publicize_connections":[],"jetpack_featured_media_url":"","jetpack_sharing_enabled":true,"_links":{"self":[{"href":"https:\/\/blog-corbeil-essonnes.fr\/WordPress3\/wp-json\/wp\/v2\/posts\/4395"}],"collection":[{"href":"https:\/\/blog-corbeil-essonnes.fr\/WordPress3\/wp-json\/wp\/v2\/posts"}],"about":[{"href":"https:\/\/blog-corbeil-essonnes.fr\/WordPress3\/wp-json\/wp\/v2\/types\/post"}],"author":[{"embeddable":true,"href":"https:\/\/blog-corbeil-essonnes.fr\/WordPress3\/wp-json\/wp\/v2\/users\/2"}],"replies":[{"embeddable":true,"href":"https:\/\/blog-corbeil-essonnes.fr\/WordPress3\/wp-json\/wp\/v2\/comments?post=4395"}],"version-history":[{"count":0,"href":"https:\/\/blog-corbeil-essonnes.fr\/WordPress3\/wp-json\/wp\/v2\/posts\/4395\/revisions"}],"wp:attachment":[{"href":"https:\/\/blog-corbeil-essonnes.fr\/WordPress3\/wp-json\/wp\/v2\/media?parent=4395"}],"wp:term":[{"taxonomy":"category","embeddable":true,"href":"https:\/\/blog-corbeil-essonnes.fr\/WordPress3\/wp-json\/wp\/v2\/categories?post=4395"},{"taxonomy":"post_tag","embeddable":true,"href":"https:\/\/blog-corbeil-essonnes.fr\/WordPress3\/wp-json\/wp\/v2\/tags?post=4395"}],"curies":[{"name":"wp","href":"https:\/\/api.w.org\/{rel}","templated":true}]}}