{"id":4396,"date":"2007-12-19T12:15:16","date_gmt":"2007-12-19T12:15:16","guid":{"rendered":"http:\/\/corbeilessonnes.unblog.fr\/2007\/12\/19\/le-budget-sera-vote-apres-les-elections\/"},"modified":"2014-10-27T16:12:17","modified_gmt":"2014-10-27T15:12:17","slug":"le-budget-sera-vote-apres-les-elections","status":"publish","type":"post","link":"https:\/\/blog-corbeil-essonnes.fr\/WordPress3\/2007\/12\/19\/le-budget-sera-vote-apres-les-elections\/","title":{"rendered":"Le budget sera vot\u00e9 apr\u00e8s les \u00e9lections"},"content":{"rendered":"<p style=\"text-align: justify;\">\nLors du conseil municipal , Monsieur Serge Dassault nous a annonc\u00e9 le vote du compte administratif 2007 de la ville de Corbeil-Essonnes en f\u00e9vrier 2008 alors que le vote du budget 2008 n&rsquo;interviendra qu&rsquo;apr\u00e8s les \u00e9lections municipales de mars 2008.<\/p>\n<p style=\"text-align: justify;\">Un petit rappel pour m\u00e9moire : en 2001 le budget a \u00e9t\u00e9 vot\u00e9 apr\u00e8s les \u00e9lections municipales, les corbeil-essonnois ont vu leurs imp\u00f4ts augmenter de 19%. Monsieur le maire avait d\u00e9clar\u00e9 qu&rsquo;il n&rsquo;augmenterait pas les imp\u00f4ts pendant la campagne \u00e9lectorale de 2001, doit-on craindre une r\u00e9cidive pour 2008 ?<\/p>\n<p style=\"text-align: justify;\">Autre information, selon Monsieur Dassault, il est probable que suite \u00e0 l&rsquo;augmentation de population de notre ville, il y ait 43 candidats par liste lors des prochaines municipales, contre 39 aujourd&rsquo;hui. Nous attendons la confirmation de la pr\u00e9fecture \u00e0 ce sujet.<\/p>\n<p style=\"text-align: justify;\">Monsieur Dantu suite \u00e0 des coupures de micro par Monsieur Dassault lorsqu&rsquo;un \u00e9lu de l&rsquo;opposition intervient, a demand\u00e9 que les \u00e9lus de la majorit\u00e9 respectent, eux aussi, le r\u00e8glement int\u00e9rieur du conseil municipal, en limitant leur interventions \u00e0 cinq minutes maximum, comme cela est inscrit dans ce r\u00e8glement.<\/p>\n","protected":false},"excerpt":{"rendered":"<p>Lors du conseil municipal , Monsieur Serge Dassault nous a annonc\u00e9 le vote du compte administratif 2007 de la ville de Corbeil-Essonnes en f\u00e9vrier 2008 &hellip; <\/p>\n","protected":false},"author":2,"featured_media":0,"comment_status":"open","ping_status":"open","sticky":false,"template":"","format":"standard","meta":{"jetpack_post_was_ever_published":false,"jetpack_publicize_message":"","jetpack_is_tweetstorm":false,"jetpack_publicize_feature_enabled":true,"jetpack_social_post_already_shared":false,"jetpack_social_options":{"image_generator_settings":{"template":"highway","enabled":false}}},"categories":[4326,4311,1],"tags":[4414,4757,4504,4362],"jetpack_publicize_connections":[],"jetpack_featured_media_url":"","jetpack_sharing_enabled":true,"_links":{"self":[{"href":"https:\/\/blog-corbeil-essonnes.fr\/WordPress3\/wp-json\/wp\/v2\/posts\/4396"}],"collection":[{"href":"https:\/\/blog-corbeil-essonnes.fr\/WordPress3\/wp-json\/wp\/v2\/posts"}],"about":[{"href":"https:\/\/blog-corbeil-essonnes.fr\/WordPress3\/wp-json\/wp\/v2\/types\/post"}],"author":[{"embeddable":true,"href":"https:\/\/blog-corbeil-essonnes.fr\/WordPress3\/wp-json\/wp\/v2\/users\/2"}],"replies":[{"embeddable":true,"href":"https:\/\/blog-corbeil-essonnes.fr\/WordPress3\/wp-json\/wp\/v2\/comments?post=4396"}],"version-history":[{"count":0,"href":"https:\/\/blog-corbeil-essonnes.fr\/WordPress3\/wp-json\/wp\/v2\/posts\/4396\/revisions"}],"wp:attachment":[{"href":"https:\/\/blog-corbeil-essonnes.fr\/WordPress3\/wp-json\/wp\/v2\/media?parent=4396"}],"wp:term":[{"taxonomy":"category","embeddable":true,"href":"https:\/\/blog-corbeil-essonnes.fr\/WordPress3\/wp-json\/wp\/v2\/categories?post=4396"},{"taxonomy":"post_tag","embeddable":true,"href":"https:\/\/blog-corbeil-essonnes.fr\/WordPress3\/wp-json\/wp\/v2\/tags?post=4396"}],"curies":[{"name":"wp","href":"https:\/\/api.w.org\/{rel}","templated":true}]}}