{"id":4401,"date":"2008-01-06T15:05:17","date_gmt":"2008-01-06T15:05:17","guid":{"rendered":"http:\/\/corbeilessonnes.unblog.fr\/2008\/01\/06\/collage-daffiches\/"},"modified":"2014-10-27T16:10:32","modified_gmt":"2014-10-27T15:10:32","slug":"collage-daffiches","status":"publish","type":"post","link":"https:\/\/blog-corbeil-essonnes.fr\/WordPress3\/2008\/01\/06\/collage-daffiches\/","title":{"rendered":"Collage d\u2019affiches"},"content":{"rendered":"<p style=\"text-align: justify;\">\nCorbeil-Essonnes se distingue c\u2019est vrai. Les affiches \u00e9lectorales comme on peut le lire dans un article du journal, Le parisien du 5 janvier 2008, fleurissent un peu partout dans cette ville.<br \/>\nJe trouve normal que les candidats collent des affiches dans cette p\u00e9riode, cela peut parfois \u00eatre amusant de coller ou de d\u00e9coller pour un militant, cet exercice fait donc enti\u00e8rement parti d\u2019une campagne \u00e9lectorale normale.<\/p>\n<p style=\"text-align: justify;\">Mais, personnellement je d\u00e9sapprouve les pratiques de certains colleurs d\u2019affiches. Coller sur tout et n\u2019importe o\u00f9 n\u2019est pas d\u00e9fendable. Il est vrai qu\u2019\u00e0 Corbeil-Essonnes le nombre de panneaux d\u2019expression libre a diminu\u00e9. La disparition d\u2019un panneau rue d\u2019Alsace Lorraine, d\u2019un autre pr\u00e8s de la gendarmerie boulevard de Fontainebleau, ou encore derni\u00e8rement d\u2019un panneau rue de Gournay, en sont l\u2019illustration. Si cela explique les collages sur les panneaux d\u2019informations municipales ou quelques d\u00e9bordements dans certains secteurs sans panneaux, ces derniers jours les colleurs sont all\u00e9s plus loin : blocs de b\u00e9ton, panneaux de travaux etc.. et cela tout pr\u00e8s de panneaux d\u2019expressions.<\/p>\n<p style=\"text-align: justify;\">\nQue les militants am\u00e9liorent donc leurs m\u00e9thodes pour \u00e9viter de faire de Corbeil-Essonnes une ville poubelle.<br \/>\nCe qui \u00e0 mes yeux est le plus dommage, ce sont les m\u00e9thodes de d\u00e9collage.\u00a0 le militant d\u00e9colle, l\u00e0 aussi cela fait parti du jeu, mais mettre les affiches dans une poubelle ne co\u00fbtent rien. Le sol de Corbeil-Essonnes est couvert de morceaux d\u2019affiches et cela est vraiment facile \u00e0 \u00e9viter. Un autre petit mot aux d\u00e9colleurs, il est inutile d\u2019agresser une affiche pour la d\u00e9coller, la col\u00e8re contre la concurrence n\u2019est pas bonne conseill\u00e8re, contentez-vous d\u2019arracher proprement pour faire votre campagne, le jeu d\u00e9mocratique n\u2019est pas une guerre.<\/p>\n<p style=\"text-align: justify;\">Autre point qui m\u2019a choqu\u00e9 dans cet article, deux candidats Messieurs Da Silva et Piriou reconnaissent le probl\u00e8me. Les colleurs des deux autres listes agissent de fa\u00e7on identique mais semblent ne pas vouloir le dire. Messieurs Dantu et Dassault ont sign\u00e9 une charte et ne la respectent pas, les deux autres listes ne l\u2019ont pas sign\u00e9. Donc, le probl\u00e8me du collage concerne bien l\u2019ensemble des candidats, il n\u2019y a pas de monsieur propre dans cette affaire.<\/p>\n<p style=\"text-align: justify;\">\n<p style=\"text-align: justify;\">\nLe plus amusant \u00e9tant encore d\u2019apprendre que l\u2019entourage de monsieur Dassault nie ces pratiques, alors qu\u2019il suffit de regarder dans la ville pour voir o\u00f9 sont coll\u00e9s les affiches de Monsieur le maire. Oui Monsieur, vos colleurs sont comme les autres, reconnaissez-le.<br \/>\nMessieurs s\u2019il vous plait, demander \u00e0 vos \u00e9quipe d\u2019am\u00e9liorer cela, que les habitants de cette ville choisissent en mars prochain, une \u00e9quipe pour g\u00e9rer la ville pas un groupe de pollueurs.<\/p>\n","protected":false},"excerpt":{"rendered":"<p>Corbeil-Essonnes se distingue c\u2019est vrai. Les affiches \u00e9lectorales comme on peut le lire dans un article du journal, Le parisien du 5 janvier 2008, fleurissent &hellip; <\/p>\n","protected":false},"author":2,"featured_media":0,"comment_status":"open","ping_status":"open","sticky":false,"template":"","format":"standard","meta":{"jetpack_post_was_ever_published":false,"jetpack_publicize_message":"","jetpack_is_tweetstorm":false,"jetpack_publicize_feature_enabled":true,"jetpack_social_post_already_shared":false,"jetpack_social_options":{"image_generator_settings":{"template":"highway","enabled":false}}},"categories":[4346,1],"tags":[4447,4757],"jetpack_publicize_connections":[],"jetpack_featured_media_url":"","jetpack_sharing_enabled":true,"_links":{"self":[{"href":"https:\/\/blog-corbeil-essonnes.fr\/WordPress3\/wp-json\/wp\/v2\/posts\/4401"}],"collection":[{"href":"https:\/\/blog-corbeil-essonnes.fr\/WordPress3\/wp-json\/wp\/v2\/posts"}],"about":[{"href":"https:\/\/blog-corbeil-essonnes.fr\/WordPress3\/wp-json\/wp\/v2\/types\/post"}],"author":[{"embeddable":true,"href":"https:\/\/blog-corbeil-essonnes.fr\/WordPress3\/wp-json\/wp\/v2\/users\/2"}],"replies":[{"embeddable":true,"href":"https:\/\/blog-corbeil-essonnes.fr\/WordPress3\/wp-json\/wp\/v2\/comments?post=4401"}],"version-history":[{"count":0,"href":"https:\/\/blog-corbeil-essonnes.fr\/WordPress3\/wp-json\/wp\/v2\/posts\/4401\/revisions"}],"wp:attachment":[{"href":"https:\/\/blog-corbeil-essonnes.fr\/WordPress3\/wp-json\/wp\/v2\/media?parent=4401"}],"wp:term":[{"taxonomy":"category","embeddable":true,"href":"https:\/\/blog-corbeil-essonnes.fr\/WordPress3\/wp-json\/wp\/v2\/categories?post=4401"},{"taxonomy":"post_tag","embeddable":true,"href":"https:\/\/blog-corbeil-essonnes.fr\/WordPress3\/wp-json\/wp\/v2\/tags?post=4401"}],"curies":[{"name":"wp","href":"https:\/\/api.w.org\/{rel}","templated":true}]}}