{"id":4433,"date":"2008-03-18T17:43:46","date_gmt":"2008-03-18T17:43:46","guid":{"rendered":"http:\/\/corbeilessonnes.unblog.fr\/2008\/03\/18\/appel-a-temoins\/"},"modified":"2014-10-27T13:37:30","modified_gmt":"2014-10-27T12:37:30","slug":"appel-a-temoins","status":"publish","type":"post","link":"https:\/\/blog-corbeil-essonnes.fr\/WordPress3\/2008\/03\/18\/appel-a-temoins\/","title":{"rendered":"Appel \u00e0 t\u00e9moins"},"content":{"rendered":"<p>Dans le cadre des derni\u00e8res \u00e9lections municipales \u00a0\u00bb L&rsquo;union pour r\u00e9ussir Corbeil-Essonnes lance un appel \u00e0 t\u00e9moins .<\/p>\n","protected":false},"excerpt":{"rendered":"<p>Dans le cadre des derni\u00e8res \u00e9lections municipales \u00a0\u00bb L&rsquo;union pour r\u00e9ussir Corbeil-Essonnes lance un appel \u00e0 t\u00e9moins .<\/p>\n","protected":false},"author":2,"featured_media":0,"comment_status":"open","ping_status":"open","sticky":false,"template":"","format":"standard","meta":{"jetpack_post_was_ever_published":false,"jetpack_publicize_message":"","jetpack_is_tweetstorm":false,"jetpack_publicize_feature_enabled":true,"jetpack_social_post_already_shared":false,"jetpack_social_options":{"image_generator_settings":{"template":"highway","enabled":false}}},"categories":[4311,4345,1],"tags":[4757,4434],"jetpack_publicize_connections":[],"jetpack_featured_media_url":"","jetpack_sharing_enabled":true,"_links":{"self":[{"href":"https:\/\/blog-corbeil-essonnes.fr\/WordPress3\/wp-json\/wp\/v2\/posts\/4433"}],"collection":[{"href":"https:\/\/blog-corbeil-essonnes.fr\/WordPress3\/wp-json\/wp\/v2\/posts"}],"about":[{"href":"https:\/\/blog-corbeil-essonnes.fr\/WordPress3\/wp-json\/wp\/v2\/types\/post"}],"author":[{"embeddable":true,"href":"https:\/\/blog-corbeil-essonnes.fr\/WordPress3\/wp-json\/wp\/v2\/users\/2"}],"replies":[{"embeddable":true,"href":"https:\/\/blog-corbeil-essonnes.fr\/WordPress3\/wp-json\/wp\/v2\/comments?post=4433"}],"version-history":[{"count":0,"href":"https:\/\/blog-corbeil-essonnes.fr\/WordPress3\/wp-json\/wp\/v2\/posts\/4433\/revisions"}],"wp:attachment":[{"href":"https:\/\/blog-corbeil-essonnes.fr\/WordPress3\/wp-json\/wp\/v2\/media?parent=4433"}],"wp:term":[{"taxonomy":"category","embeddable":true,"href":"https:\/\/blog-corbeil-essonnes.fr\/WordPress3\/wp-json\/wp\/v2\/categories?post=4433"},{"taxonomy":"post_tag","embeddable":true,"href":"https:\/\/blog-corbeil-essonnes.fr\/WordPress3\/wp-json\/wp\/v2\/tags?post=4433"}],"curies":[{"name":"wp","href":"https:\/\/api.w.org\/{rel}","templated":true}]}}