{"id":4497,"date":"2008-09-29T14:00:13","date_gmt":"2008-09-29T14:00:13","guid":{"rendered":"http:\/\/corbeilessonnes.unblog.fr\/2008\/09\/29\/une-semaine-plutot-chargee-en-evenements\/"},"modified":"2014-10-26T19:18:26","modified_gmt":"2014-10-26T18:18:26","slug":"une-semaine-plutot-chargee-en-evenements","status":"publish","type":"post","link":"https:\/\/blog-corbeil-essonnes.fr\/WordPress3\/2008\/09\/29\/une-semaine-plutot-chargee-en-evenements\/","title":{"rendered":"Une semaine plut\u00f4t charg\u00e9e en \u00e9v\u00e9nements"},"content":{"rendered":"<p style=\"text-align: justify;\">Pour commencer je voudrais saluer l\u2019office du tourisme qui, samedi 20 septembre, a f\u00eat\u00e9 ses 50 ans. Je mettrai en ligne tr\u00e8s prochainement, un album photos de cette magnifique journ\u00e9e. style=\u00a0\u00bbfont-:Exposition puis d\u00e9fil\u00e9 de voitures anciennes sur tout le territoire de l\u2019agglom\u00e9ration Seine Essonne, avec concours d\u2019\u00e9l\u00e9gance et tombola. Vraiment une belle journ\u00e9e, en plus le soleil nous a fait l&rsquo;honneur de sa pr\u00e9sence.<\/p>\n<p style=\"text-align: justify;\">Les jours qui ont suivis furent plut\u00f4t tendus. Le commissaire du gouvernement (magistrat du tribunal administratif) tout en reconnaissant que certains des griefs \u00e9taient fond\u00e9s n\u2019a pas dans ses conclusions \u00e9mis d\u2019avis d\u2019annulation des \u00e9lections. Les \u00e9lections de Montgeron ont \u00e9t\u00e9 annul\u00e9es, alors que le commissaire\u00a0 du gouvernement avait, 10 jours auparavant, \u00e9mis un avis contraire. J\u2019attendrai donc le d\u00e9lib\u00e9r\u00e9 pour en parler un peu plus.<!--more--><br \/>\nVendredi, le nouveau foyer ADOMA (Sonacotra) boulevard Combes Marn\u00e8s a \u00e9t\u00e9 inaugur\u00e9. Si les studios et F2 sont petits, le b\u00e2timent est plut\u00f4t sympathique. Sa situation dans le virage est vraiment dommage. Pourquoi ne pas avoir construit ces logements\u00a0\u00e0 l&#8217;emplacement de l&rsquo;ancien b\u00e2timent. Les locataires de ces immeubles n&rsquo;ont-ils pas le droit, eux aussi, \u00e0 la vue sur les bords de Seine.<\/p>\n<p style=\"text-align: justify;\">Les habitants nous ont accueilli tr\u00e8s agr\u00e9ablement malgr\u00e9 \u00a0les d\u00e9sagr\u00e9ments occasionn\u00e9s par notre visite. A ce sujet, je voudrais sugg\u00e9rer \u00e0 Madame Cristella\u00a0DE OLIVEIRA\u00a0de r\u00e9viser les fonctions de chacun des invit\u00e9s et d\u2019y r\u00e9fl\u00e9chir. En effet, cette dame s\u2019est permis une remarque sur le fait que Monsieur PIRIOU, Vice-pr\u00e9sident du conseil g\u00e9n\u00e9ral de l\u2019Essonne, prenne l\u2019ascenseur avec le S\u00e9nateur\u2013Maire et le Pr\u00e9fet, la pauvre\u00a0\u00a0a d\u00fb monter par l\u2019escalier. Il n\u2019y a\u00a0 pas \u00e0 trouver choquant que le Vice-pr\u00e9sident reste avec les personnalit\u00e9s pr\u00e9sentes dans l\u2019ascenseur et qu&rsquo;une \u00e9lue municipale prenne l&rsquo;escalier comme tout le monde. D&rsquo;ailleurs\u00a0nos personnalit\u00e9s auraient pu elles aussi\u00a0 essayer l&rsquo;escalier pour en appr\u00e9cier la commodit\u00e9.<\/p>\n<p style=\"text-align: justify;\">Le soir, j\u2019enchaine sur l\u2019inauguration de l\u2019exposition \u00ab un monde d\u2019eau\u00a0\u00bb. L\u2019exposition est plut\u00f4t sympa, je vous encourage\u00a0\u00e0 aller la voir ,\u00a0 mais vendredi\u00a0 il n\u2019y avait vraiment pas foule \u00e0 la commanderie Saint-Jean ou se d\u00e9roulait cette inauguration.<\/p>\n<p style=\"text-align: justify;\">Et pour finir, ma semaine passe\u00a0par Mennecy \u00a0pour les Journ\u00e9es Emeraudes du SIARCE (Syndicat intercommunal \u00a0d\u2019assainissement et de restauration de cours d\u2019eau). Parmi les activit\u00e9s possibles lors de ces journ\u00e9es\u00a0: Une exposition tr\u00e8s enrichissante et d\u00e9paysante (photos du Canada) , des ateliers manuels, une tombola , des conf\u00e9rences et bien s\u00fbr la remise des m\u00e9dailles du SIARCE. O\u00f9 le hasard a fait se succ\u00e9der Serge DASSAULT et Bruno PIRIOU comme r\u00e9cipiendaires. Ce dernier a demand\u00e9 au Maire de r\u00e9fl\u00e9chir a l&rsquo;\u00e9ventualit\u00e9 d&rsquo;un \u00e9largissement\u00a0 de l&rsquo;Agglom\u00e9ration Seine-Essonne. Monsieur DASSAULT n&rsquo;a pas eu l&rsquo;air convaincu, contrairement \u00e0 d&rsquo;autres personnalit\u00e9s pr\u00e9sentes dans la salle.<\/p>\n<p style=\"text-align: justify;\">Je n&rsquo;ai pas eu le temps de m&rsquo;ennuyer \u00a0la semaine derni\u00e8re.<\/p>\n","protected":false},"excerpt":{"rendered":"<p>Pour commencer je voudrais saluer l\u2019office du tourisme qui, samedi 20 septembre, a f\u00eat\u00e9 ses 50 ans. Je mettrai en ligne tr\u00e8s prochainement, un album &hellip; <\/p>\n","protected":false},"author":2,"featured_media":0,"comment_status":"open","ping_status":"open","sticky":false,"template":"","format":"standard","meta":{"jetpack_post_was_ever_published":false,"jetpack_publicize_message":"","jetpack_is_tweetstorm":false,"jetpack_publicize_feature_enabled":true,"jetpack_social_post_already_shared":false,"jetpack_social_options":{"image_generator_settings":{"template":"highway","enabled":false}}},"categories":[4311,1,4328],"tags":[4466,4467,4757],"jetpack_publicize_connections":[],"jetpack_featured_media_url":"","jetpack_sharing_enabled":true,"_links":{"self":[{"href":"https:\/\/blog-corbeil-essonnes.fr\/WordPress3\/wp-json\/wp\/v2\/posts\/4497"}],"collection":[{"href":"https:\/\/blog-corbeil-essonnes.fr\/WordPress3\/wp-json\/wp\/v2\/posts"}],"about":[{"href":"https:\/\/blog-corbeil-essonnes.fr\/WordPress3\/wp-json\/wp\/v2\/types\/post"}],"author":[{"embeddable":true,"href":"https:\/\/blog-corbeil-essonnes.fr\/WordPress3\/wp-json\/wp\/v2\/users\/2"}],"replies":[{"embeddable":true,"href":"https:\/\/blog-corbeil-essonnes.fr\/WordPress3\/wp-json\/wp\/v2\/comments?post=4497"}],"version-history":[{"count":0,"href":"https:\/\/blog-corbeil-essonnes.fr\/WordPress3\/wp-json\/wp\/v2\/posts\/4497\/revisions"}],"wp:attachment":[{"href":"https:\/\/blog-corbeil-essonnes.fr\/WordPress3\/wp-json\/wp\/v2\/media?parent=4497"}],"wp:term":[{"taxonomy":"category","embeddable":true,"href":"https:\/\/blog-corbeil-essonnes.fr\/WordPress3\/wp-json\/wp\/v2\/categories?post=4497"},{"taxonomy":"post_tag","embeddable":true,"href":"https:\/\/blog-corbeil-essonnes.fr\/WordPress3\/wp-json\/wp\/v2\/tags?post=4497"}],"curies":[{"name":"wp","href":"https:\/\/api.w.org\/{rel}","templated":true}]}}