{"id":4674,"date":"2009-01-18T21:22:54","date_gmt":"2009-01-18T21:22:54","guid":{"rendered":"http:\/\/corbeilessonnes.unblog.fr\/2009\/01\/18\/retour-sur-la-reunion-du-pg\/"},"modified":"2014-11-14T00:18:52","modified_gmt":"2014-11-13T23:18:52","slug":"retour-sur-la-reunion-du-pg","status":"publish","type":"post","link":"https:\/\/blog-corbeil-essonnes.fr\/WordPress3\/2009\/01\/18\/retour-sur-la-reunion-du-pg\/","title":{"rendered":"Retour sur la r\u00e9union du PG"},"content":{"rendered":"<p>La premi\u00e8re r\u00e9union publique du parti de gauche de la premi\u00e8re circonscription de l&rsquo;Essonne s&rsquo;est d\u00e9roul\u00e9e vendredi devant des citoyens attentifs et participatifs.<\/p>\n<p>Les th\u00e8mes abord\u00e9s\u00a0lors de cette r\u00e9union furent bien s\u00fbr, la cr\u00e9ation du parti de gauche , ses buts et\u00a0ses premi\u00e8res orientations .<\/p>\n<p>Plusieurs sujets furent mis en d\u00e9bats , comme la R\u00e9publique, la la\u00efcit\u00e9,\u00a0une gauche de gouvernement\u00a0, l&rsquo;\u00e9cologie, l&rsquo;Europe et bien s\u00fbr le front de gauche aux prochaines \u00e9lections europ\u00e9ennes.<\/p>\n<p>Les intervenants locaux et nationaux, deux membres du\u00a0bureau national\u00a0 ,Elodie Vax\u00e9laire et Fran\u00e7ois\u00a0Delapierre \u00e9taient pr\u00e9sents,\u00a0ont r\u00e9pondu\u00a0 aux questions pos\u00e9es par les citoyens qui avaient r\u00e9pondu \u00e0 l&rsquo;invitation des militants .<\/p>\n<p>Les interventions des citoyens furent tr\u00e8s int\u00e9ressantes rappelant leur attachement \u00e0 la la\u00efcit\u00e9 aujourd&rsquo;hui attaqu\u00e9, leur volont\u00e9 d&rsquo;un changement d&rsquo;orientations politiques fort, ou l&rsquo;importance de l&rsquo;\u00e9ducation populaire.<\/p>\n<p>Nous avons constat\u00e9 l&rsquo;int\u00e9r\u00eat des partis de gauche par la pr\u00e9sence de r\u00e9pr\u00e9sentants du PCF, du POI ou encore du NPA \u00e0 cette r\u00e9union.<\/p>\n","protected":false},"excerpt":{"rendered":"<p>La premi\u00e8re r\u00e9union publique du parti de gauche de la premi\u00e8re circonscription de l&rsquo;Essonne s&rsquo;est d\u00e9roul\u00e9e vendredi devant des citoyens attentifs et participatifs. Les th\u00e8mes &hellip; <\/p>\n","protected":false},"author":2,"featured_media":0,"comment_status":"open","ping_status":"open","sticky":false,"template":"","format":"standard","meta":{"jetpack_post_was_ever_published":false,"jetpack_publicize_message":"","jetpack_is_tweetstorm":false,"jetpack_publicize_feature_enabled":true,"jetpack_social_post_already_shared":false,"jetpack_social_options":{"image_generator_settings":{"template":"highway","enabled":false}}},"categories":[1,4331],"tags":[4757,4764,4765,4395],"jetpack_publicize_connections":[],"jetpack_featured_media_url":"","jetpack_sharing_enabled":true,"_links":{"self":[{"href":"https:\/\/blog-corbeil-essonnes.fr\/WordPress3\/wp-json\/wp\/v2\/posts\/4674"}],"collection":[{"href":"https:\/\/blog-corbeil-essonnes.fr\/WordPress3\/wp-json\/wp\/v2\/posts"}],"about":[{"href":"https:\/\/blog-corbeil-essonnes.fr\/WordPress3\/wp-json\/wp\/v2\/types\/post"}],"author":[{"embeddable":true,"href":"https:\/\/blog-corbeil-essonnes.fr\/WordPress3\/wp-json\/wp\/v2\/users\/2"}],"replies":[{"embeddable":true,"href":"https:\/\/blog-corbeil-essonnes.fr\/WordPress3\/wp-json\/wp\/v2\/comments?post=4674"}],"version-history":[{"count":0,"href":"https:\/\/blog-corbeil-essonnes.fr\/WordPress3\/wp-json\/wp\/v2\/posts\/4674\/revisions"}],"wp:attachment":[{"href":"https:\/\/blog-corbeil-essonnes.fr\/WordPress3\/wp-json\/wp\/v2\/media?parent=4674"}],"wp:term":[{"taxonomy":"category","embeddable":true,"href":"https:\/\/blog-corbeil-essonnes.fr\/WordPress3\/wp-json\/wp\/v2\/categories?post=4674"},{"taxonomy":"post_tag","embeddable":true,"href":"https:\/\/blog-corbeil-essonnes.fr\/WordPress3\/wp-json\/wp\/v2\/tags?post=4674"}],"curies":[{"name":"wp","href":"https:\/\/api.w.org\/{rel}","templated":true}]}}