{"id":4688,"date":"2009-01-28T16:28:32","date_gmt":"2009-01-28T16:28:32","guid":{"rendered":"http:\/\/corbeilessonnes.unblog.fr\/2009\/01\/28\/un-adjoint-au-maire-fait-des-vagues\/"},"modified":"2014-09-29T19:08:44","modified_gmt":"2014-09-29T18:08:44","slug":"un-adjoint-au-maire-fait-des-vagues","status":"publish","type":"post","link":"https:\/\/blog-corbeil-essonnes.fr\/WordPress3\/2009\/01\/28\/un-adjoint-au-maire-fait-des-vagues\/","title":{"rendered":"Un adjoint au maire fait des vagues"},"content":{"rendered":"<p>Jean-Fran\u00e7ois Bayle, adjoint au maire de la ville de\u00a0 Corbeil-Essonnes, a simplement envoy\u00e9 une lettre de d\u00e9mission\u00a0\u00e0 Serge Dassault.<\/p>\n<p>Mais, le plus \u00e9trange n&rsquo;est pas qu&rsquo;il y ait des d\u00e9saccords entre le Maire et ses adjoints ou conseillers municipaux, les bruits \u00e0 ce sujet sont nombreux dans notre ville. Non, le plus bizarre c&rsquo;est que cette d\u00e9mission ne prendra effet que si \u2026\u2026.<\/p>\n<p>&nbsp;<\/p>\n<p>Nous avons donc affaire cette fois \u00e0 un \u00e9lu qui en quelque sorte fait un chantage. Si vous ne faites pas ceci, je d\u00e9missionne . Monsieur Bayle, m\u00eame si le sujet est important pour vous, ce type de d\u00e9cision se prend de fa\u00e7on plus directe.<\/p>\n<p>Si vous n&rsquo;\u00eates pas d&rsquo;accord d\u00e9missionn\u00e9.<\/p>\n<p>En effet, je ne connais pas le dossier qui vous pousse \u00e0 agir ainsi, mais si vous \u00eates minoritaire sur un dossier, votre comportement pourrait passer pour peu d\u00e9mocratique. Car si le maire agissait contre la majorit\u00e9, alors vous auriez impos\u00e9 votre point de vue de force.<\/p>\n<p>&nbsp;<\/p>\n","protected":false},"excerpt":{"rendered":"<p>Jean-Fran\u00e7ois Bayle, adjoint au maire de la ville de\u00a0 Corbeil-Essonnes, a simplement envoy\u00e9 une lettre de d\u00e9mission\u00a0\u00e0 Serge Dassault. Mais, le plus \u00e9trange n&rsquo;est pas &hellip; <\/p>\n","protected":false},"author":2,"featured_media":0,"comment_status":"open","ping_status":"open","sticky":false,"template":"","format":"standard","meta":{"jetpack_post_was_ever_published":false,"jetpack_publicize_message":"","jetpack_is_tweetstorm":false,"jetpack_publicize_feature_enabled":true,"jetpack_social_post_already_shared":false,"jetpack_social_options":{"image_generator_settings":{"template":"highway","enabled":false}}},"categories":[4326,4311,1],"tags":[4757,4409,4489],"jetpack_publicize_connections":[],"jetpack_featured_media_url":"","jetpack_sharing_enabled":true,"_links":{"self":[{"href":"https:\/\/blog-corbeil-essonnes.fr\/WordPress3\/wp-json\/wp\/v2\/posts\/4688"}],"collection":[{"href":"https:\/\/blog-corbeil-essonnes.fr\/WordPress3\/wp-json\/wp\/v2\/posts"}],"about":[{"href":"https:\/\/blog-corbeil-essonnes.fr\/WordPress3\/wp-json\/wp\/v2\/types\/post"}],"author":[{"embeddable":true,"href":"https:\/\/blog-corbeil-essonnes.fr\/WordPress3\/wp-json\/wp\/v2\/users\/2"}],"replies":[{"embeddable":true,"href":"https:\/\/blog-corbeil-essonnes.fr\/WordPress3\/wp-json\/wp\/v2\/comments?post=4688"}],"version-history":[{"count":0,"href":"https:\/\/blog-corbeil-essonnes.fr\/WordPress3\/wp-json\/wp\/v2\/posts\/4688\/revisions"}],"wp:attachment":[{"href":"https:\/\/blog-corbeil-essonnes.fr\/WordPress3\/wp-json\/wp\/v2\/media?parent=4688"}],"wp:term":[{"taxonomy":"category","embeddable":true,"href":"https:\/\/blog-corbeil-essonnes.fr\/WordPress3\/wp-json\/wp\/v2\/categories?post=4688"},{"taxonomy":"post_tag","embeddable":true,"href":"https:\/\/blog-corbeil-essonnes.fr\/WordPress3\/wp-json\/wp\/v2\/tags?post=4688"}],"curies":[{"name":"wp","href":"https:\/\/api.w.org\/{rel}","templated":true}]}}