{"id":4885,"date":"2009-05-11T09:21:57","date_gmt":"2009-05-11T09:21:57","guid":{"rendered":"http:\/\/corbeilessonnes.unblog.fr\/2009\/05\/11\/lavenir-de-corbeil-essonnes-en-debat\/"},"modified":"2014-09-29T18:50:10","modified_gmt":"2014-09-29T17:50:10","slug":"lavenir-de-corbeil-essonnes-en-debat","status":"publish","type":"post","link":"https:\/\/blog-corbeil-essonnes.fr\/WordPress3\/2009\/05\/11\/lavenir-de-corbeil-essonnes-en-debat\/","title":{"rendered":"L\u2019avenir de Corbeil-Essonnes en d\u00e9bat"},"content":{"rendered":"<p>Les \u00e9lections europ\u00e9ennes du 7 juin occupent \u00e0 Corbeil-Essonnes le devant de la sc\u00e8ne. Pour autant, le d\u00e9bat sur la vision que l&rsquo;on peut avoir de Corbeil-Essonnes demain, ne s&rsquo;est pas \u00e9teint.<\/p>\n<p>C&rsquo;est pour cela que jeudi soir, sur le Parvis de l&rsquo;h\u00f4tel de ville, \u00e0 19h aura lieu une r\u00e9union sur l&rsquo;avenir Corbeil-Essonnes, organis\u00e9e par Bruno Piriou, vice pr\u00e9sident du\u00a0Conseil g\u00e9n\u00e9ral de l&rsquo;Essonne.<\/p>\n<p>Il est important de d\u00e9battre de nos envies pour cette commune\u00a0o\u00f9 serpentent la Seine et l&rsquo;Essonne. Notre ville a de nombreux atouts, comment peut-on les valoriser, comment faire vivre ensemble notre population avec ses diversit\u00e9s (sociale, d&rsquo;origine\u2026). Voila un enjeu plus qu&rsquo;int\u00e9ressant pour les ann\u00e9es \u00e0 venir.<\/p>\n<p>Alors si cela vous int\u00e9resse, rendez-vous\u00a0 jeudi 14 mai \u00e0 19h sur le parvis de la mairie .<\/p>\n<p>PS :\u00a0 Si cela vous est possible apporter une chaise pliante.<\/p>\n","protected":false},"excerpt":{"rendered":"<p>Les \u00e9lections europ\u00e9ennes du 7 juin occupent \u00e0 Corbeil-Essonnes le devant de la sc\u00e8ne. Pour autant, le d\u00e9bat sur la vision que l&rsquo;on peut avoir &hellip; <\/p>\n","protected":false},"author":2,"featured_media":0,"comment_status":"open","ping_status":"open","sticky":false,"template":"","format":"standard","meta":{"jetpack_post_was_ever_published":false,"jetpack_publicize_message":"","jetpack_is_tweetstorm":false,"jetpack_publicize_feature_enabled":true,"jetpack_social_post_already_shared":false,"jetpack_social_options":{"image_generator_settings":{"template":"highway","enabled":false}}},"categories":[1],"tags":[4757,4769],"jetpack_publicize_connections":[],"jetpack_featured_media_url":"","jetpack_sharing_enabled":true,"_links":{"self":[{"href":"https:\/\/blog-corbeil-essonnes.fr\/WordPress3\/wp-json\/wp\/v2\/posts\/4885"}],"collection":[{"href":"https:\/\/blog-corbeil-essonnes.fr\/WordPress3\/wp-json\/wp\/v2\/posts"}],"about":[{"href":"https:\/\/blog-corbeil-essonnes.fr\/WordPress3\/wp-json\/wp\/v2\/types\/post"}],"author":[{"embeddable":true,"href":"https:\/\/blog-corbeil-essonnes.fr\/WordPress3\/wp-json\/wp\/v2\/users\/2"}],"replies":[{"embeddable":true,"href":"https:\/\/blog-corbeil-essonnes.fr\/WordPress3\/wp-json\/wp\/v2\/comments?post=4885"}],"version-history":[{"count":0,"href":"https:\/\/blog-corbeil-essonnes.fr\/WordPress3\/wp-json\/wp\/v2\/posts\/4885\/revisions"}],"wp:attachment":[{"href":"https:\/\/blog-corbeil-essonnes.fr\/WordPress3\/wp-json\/wp\/v2\/media?parent=4885"}],"wp:term":[{"taxonomy":"category","embeddable":true,"href":"https:\/\/blog-corbeil-essonnes.fr\/WordPress3\/wp-json\/wp\/v2\/categories?post=4885"},{"taxonomy":"post_tag","embeddable":true,"href":"https:\/\/blog-corbeil-essonnes.fr\/WordPress3\/wp-json\/wp\/v2\/tags?post=4885"}],"curies":[{"name":"wp","href":"https:\/\/api.w.org\/{rel}","templated":true}]}}