{"id":4986,"date":"2009-09-25T17:41:44","date_gmt":"2009-09-25T17:41:44","guid":{"rendered":"http:\/\/corbeilessonnes.unblog.fr\/2009\/09\/25\/membres-du-pg-candidats-sur-la-liste-de-michel-nouaille\/"},"modified":"2014-09-29T18:36:05","modified_gmt":"2014-09-29T17:36:05","slug":"membres-du-pg-candidats-sur-la-liste-de-michel-nouaille","status":"publish","type":"post","link":"https:\/\/blog-corbeil-essonnes.fr\/WordPress3\/2009\/09\/25\/membres-du-pg-candidats-sur-la-liste-de-michel-nouaille\/","title":{"rendered":"membres du PG : candidats sur la liste de Michel Nouaille"},"content":{"rendered":"<h3><span style=\"font-family: arial, helvetica, sans-serif; font-size: small;\">Pour mettre une bonne gauche \u00e0 la droite\u00a0!<\/span><\/h3>\n<p><span style=\"font-family: arial, helvetica, sans-serif;\">Apr\u00e8s la d\u00e9ch\u00e9ance du sortant UMP Serge Dassault, vous aurez la chance d\u2019\u00e9lire une nouvelle \u00e9quipe municipale les 27 septembre et 4 octobre prochain. Oui, cette \u00e9lection est une chance\u00a0! Et nous en remercions profond\u00e9ment tous ceux qui ont men\u00e9 le recours en annulation de l&rsquo;\u00e9lection de mars 2008, au cours de laquelle le milliardaire Serge Dassault avait trich\u00e9 en faisant des dons d&rsquo;argent. Nos remerciements vont tout particuli\u00e8rement vers Bruno Piriou qui avec acharnement a r\u00e9alis\u00e9 l&rsquo;impensable pour beaucoup.<\/span><\/p>\n<p><span style=\"font-family: arial, helvetica, sans-serif;\">Une nouvelle chance de faire entendre votre voix\u00a0!<\/span><\/p>\n<p><span style=\"font-family: arial, helvetica, sans-serif;\">Dans les urnes, chaque voix compte et p\u00e8se du m\u00eame poids. Chacun a le droit de dire ce qu\u2019il pense bon pour sa ville. C\u2019est l\u2019occasion de se faire entendre pour la grande majorit\u00e9 des Corbeil-Essonnois \u00e0 qui l\u2019on demande beaucoup de sacrifices, mais jamais leur avis.<!--more--><\/span><\/p>\n<p><span style=\"font-family: arial, helvetica, sans-serif;\">Enfin, vous allez pouvoir dire ce que vous pensez de la politique de la municipalit\u00e9 sortante\u00a0: la d\u00e9mocratie, les services publics, l&rsquo;urbanisme, l&#8217;emploi, la taxe sur l&rsquo;\u00e9lectricit\u00e9, l&rsquo;\u00e9tat d\u00e9grad\u00e9 des \u00e9coles, le manque d&rsquo;espaces verts, etc.. Les 27 septembre et 4 octobre, vous pourrez sanctionner cette politique contraire \u00e0 l\u2019int\u00e9r\u00eat de notre ville et de ses habitants.<\/span><\/p>\n<p><span style=\"font-family: arial, helvetica, sans-serif;\">Enfin, vous allez pouvoir dire ce que vous pensez de ce syst\u00e8me qui veut faire la loi \u00e0 la place du peuple\u00a0: les entreprises d\u00e9localis\u00e9es pour satisfaire l\u2019avidit\u00e9 des actionnaires, les services publics cass\u00e9s pour \u00eatre livr\u00e9s au priv\u00e9, les conditions de vie qui se d\u00e9gradent, les constructions faites sans concertation. Les 27 septembre et 4 octobre, vous pourrez voter pour une politique qui ne se soumette pas aux exigences folles des int\u00e9r\u00eats particuliers de certains.<\/span><\/p>\n<p>&nbsp;<\/p>\n<p>&nbsp;<\/p>\n<p>&nbsp;<\/p>\n<p>&nbsp;<\/p>\n<p><span style=\"font-family: arial, helvetica, sans-serif;\">Nous nous pr\u00e9sentons avec nos camarades et de nombreux Corbeil-essonnois \u00e0 vos suffrages avec une id\u00e9e simple\u00a0: il est urgent de g\u00e9rer notre ville autrement. Il n\u2019y a pas de fatalit\u00e9 \u00e0 vivre si mal. Il n\u2019y a pas de fatalit\u00e9 \u00e0 la destruction de l\u2019environnement. Il n\u2019y a pas de fatalit\u00e9 \u00e0 la destruction de l&#8217;emploi sur notre ville. Il n\u2019y a pas de fatalit\u00e9 \u00e0 ne pas trouver de logements d\u00e9cents.<\/span><\/p>\n<p><span style=\"font-family: arial, helvetica, sans-serif;\">Les projets que nous d\u00e9fendrons, si vous nous \u00e9lisez au conseil municipal, l\u00e0 o\u00f9 se d\u00e9cide la politique de notre ville, feront avancer la d\u00e9mocratie et la solidarit\u00e9 afin de r\u00e9duire les in\u00e9galit\u00e9s\u00a0: z\u00e9ro augmentation d\u2019imp\u00f4t, renouer avec le d\u00e9veloppement \u00e9conomique et commercial, d\u00e9velopper des transports collectifs de qualit\u00e9, ma\u00eetriser l\u2019urbanisme avec un moratoire sur les permis de construire, r\u00e9novation des \u00e9coles, r\u00e9tablir la souverainet\u00e9 du peuple pour en finir avec la confiscation du pouvoir par quelques-uns, d\u00e9velopper la culture pour tous, moderniser les \u00e9quipements sportifs. De nombreuses autres t\u00e2ches nous attendent, nous en d\u00e9ciderons ensemble.<\/span><\/p>\n<p><span style=\"font-family: arial, helvetica, sans-serif;\">Ces choix politiques ont des cons\u00e9quences tr\u00e8s concr\u00e8tes pour la ville et l&rsquo;agglom\u00e9ration, qui subit lourdement les restructurations comme \u00e0 Altis ou H\u00e9lio. Sur toutes ces questions, on ne peut pas compter sur les \u00e9lus de droite, car ceux-ci donnent syst\u00e9matiquement la priorit\u00e9 \u00e0 un mod\u00e8le \u00e9conomique qui d\u00e9truit l\u2019homme, les ressources naturelles, les services publics et l&#8217;emploi.<\/span><\/p>\n<p><span style=\"font-family: arial, helvetica, sans-serif;\">Nos choix sont clairs. Nous faisons parti des personnes qui ont fond\u00e9 le Parti de Gauche avec Jean-Luc M\u00e9lenchon. Nous sommes de cette gauche qui veut bousculer l\u2019ordre du monde, qui refuse la fatalit\u00e9 de l\u2019exploitation des \u00eatres humains et la guerre de tous contre tous, qui n\u2019accepte pas la fuite en avant qui pr\u00e9pare les d\u00e9sastres \u00e9cologiques. Nous agissons pour l\u2019union des gauches plut\u00f4t que l\u2019alliance avec le Modem et la droite. Nous sommes candidats dans la suite du Front de Gauche aux derni\u00e8res \u00e9lections europ\u00e9ennes, qui a d\u00e9j\u00e0 fait \u00e9lire 5 d\u00e9put\u00e9s au Parlement europ\u00e9en.<\/span><\/p>\n<p><span style=\"font-family: arial, helvetica, sans-serif;\">Avec nos camarades du PCF, du NPA, de LO, de LaVillEnsemble, des \u00e9cologistes et des personnalit\u00e9s de la ville qui sont avec nous sur la liste \u201cCorbeil-Essonnes, c&rsquo;est vous\u00a0\u201d men\u00e9e par Michel Nouaille, nous sommes de ces personnes qui rel\u00e8vent la t\u00eate depuis de nombreuses ann\u00e9es contre les injustices et les discriminations, pour que leur avenir rime avec Libert\u00e9, Solidarit\u00e9 et Justice sociale.<\/span><\/p>\n<p><span style=\"font-family: arial, helvetica, sans-serif;\">Comme eux, nous sommes fiers d\u2019\u00eatre soutenus par de nombreuses personnes qui veulent changer la gauche pour changer nos vies.<\/span><\/p>\n<p><span style=\"font-family: arial, helvetica, sans-serif;\">Nous sommes fiers de vos soutiens d\u00e9j\u00e0 nombreux. Car si l\u2019on veut que les choses changent, il faut surtout que le peuple s\u2019en m\u00eale\u00a0!<\/span><\/p>\n<p><span style=\"font-family: arial, helvetica, sans-serif;\">Corbeil-Essonnes c&rsquo;est vous, c&rsquo;est 43 \u00e9lus avec 43 000 citoyens acteurs et d\u00e9cideurs.<\/span><\/p>\n<p><span style=\"font-family: arial, helvetica, sans-serif;\"><strong>Les candidats du Parti de Gauche\u00a0<\/strong><\/span><\/p>\n<h3><\/h3>\n","protected":false},"excerpt":{"rendered":"<p>Pour mettre une bonne gauche \u00e0 la droite\u00a0! Apr\u00e8s la d\u00e9ch\u00e9ance du sortant UMP Serge Dassault, vous aurez la chance d\u2019\u00e9lire une nouvelle \u00e9quipe municipale &hellip; <\/p>\n","protected":false},"author":2,"featured_media":0,"comment_status":"open","ping_status":"open","sticky":false,"template":"","format":"standard","meta":{"jetpack_post_was_ever_published":false,"jetpack_publicize_message":"","jetpack_is_tweetstorm":false,"jetpack_publicize_feature_enabled":true,"jetpack_social_post_already_shared":false,"jetpack_social_options":{"image_generator_settings":{"template":"highway","enabled":false}}},"categories":[4311,4345,1],"tags":[4757,4358,4398,4765],"jetpack_publicize_connections":[],"jetpack_featured_media_url":"","jetpack_sharing_enabled":true,"_links":{"self":[{"href":"https:\/\/blog-corbeil-essonnes.fr\/WordPress3\/wp-json\/wp\/v2\/posts\/4986"}],"collection":[{"href":"https:\/\/blog-corbeil-essonnes.fr\/WordPress3\/wp-json\/wp\/v2\/posts"}],"about":[{"href":"https:\/\/blog-corbeil-essonnes.fr\/WordPress3\/wp-json\/wp\/v2\/types\/post"}],"author":[{"embeddable":true,"href":"https:\/\/blog-corbeil-essonnes.fr\/WordPress3\/wp-json\/wp\/v2\/users\/2"}],"replies":[{"embeddable":true,"href":"https:\/\/blog-corbeil-essonnes.fr\/WordPress3\/wp-json\/wp\/v2\/comments?post=4986"}],"version-history":[{"count":0,"href":"https:\/\/blog-corbeil-essonnes.fr\/WordPress3\/wp-json\/wp\/v2\/posts\/4986\/revisions"}],"wp:attachment":[{"href":"https:\/\/blog-corbeil-essonnes.fr\/WordPress3\/wp-json\/wp\/v2\/media?parent=4986"}],"wp:term":[{"taxonomy":"category","embeddable":true,"href":"https:\/\/blog-corbeil-essonnes.fr\/WordPress3\/wp-json\/wp\/v2\/categories?post=4986"},{"taxonomy":"post_tag","embeddable":true,"href":"https:\/\/blog-corbeil-essonnes.fr\/WordPress3\/wp-json\/wp\/v2\/tags?post=4986"}],"curies":[{"name":"wp","href":"https:\/\/api.w.org\/{rel}","templated":true}]}}