{"id":5090,"date":"2010-01-19T13:47:36","date_gmt":"2010-01-19T13:47:36","guid":{"rendered":"http:\/\/corbeilessonnes.unblog.fr\/2010\/01\/19\/conseil-municipal-mouvemente-a-corbeil-essonnes\/"},"modified":"2014-09-29T18:00:23","modified_gmt":"2014-09-29T17:00:23","slug":"conseil-municipal-mouvemente-a-corbeil-essonnes","status":"publish","type":"post","link":"https:\/\/blog-corbeil-essonnes.fr\/WordPress3\/2010\/01\/19\/conseil-municipal-mouvemente-a-corbeil-essonnes\/","title":{"rendered":"Conseil municipal mouvement\u00e9 \u00e0 Corbeil-Essonnes"},"content":{"rendered":"<p style=\"text-align: justify;\">Un collectif r\u00e9unissant plusieurs associations de Corbeil-Essonnois avait hier soir appel\u00e9 \u00e0 un rassemblement devant la mairie \u00e0 18h30. Le but de cette action \u00e9tait de demander au maire\u00a0de mieux concerter les habitants et ce \u00e0 l&rsquo;approche de l&rsquo;\u00e9tude du plan local d&rsquo;urbanisme (PLU). Monsieur Bechter\u00a0a re\u00e7u\u00a0 une d\u00e9l\u00e9gation \u00e0 ce sujet. J\u00e9tais pr\u00e9sente aux cot\u00e9s des autres \u00e9lus de l&rsquo;opposition municipale et de Bruno Piriou pour soutenir les manifestants dans leurs revendications.<\/p>\n<p style=\"text-align: justify;\">\n<p style=\"text-align: justify;\">\n<p style=\"text-align: justify;\">\n<p style=\"text-align: justify;\"><!--more--><\/p>\n<p style=\"text-align: justify;\">Apr\u00e8s cette manifestation, le conseil\u00a0a d\u00e9but\u00e9 par une proposition du maire, d&rsquo;accorder une aide de 5000\u20ac \u00e0 Ha\u00efti frapp\u00e9 la semaine derni\u00e8re par un s\u00e9isme meurtrier. Cette proposition\u00a0a \u00e9t\u00e9 vot\u00e9 \u00e0 l&rsquo;unanimit\u00e9 par le conseil municipal. Une minute de silence en m\u00e9moire des victimes de cette catastrophe\u00a0a par ailleurs \u00e9t\u00e9 observ\u00e9e.<\/p>\n<p style=\"text-align: justify;\">\n<p style=\"text-align: justify;\">Des employ\u00e9s d&rsquo;Altis sont venus ensuite demander au maire des informations sur l&rsquo;entreprise et son avenir, il semble que tous se passe \u00a0dans l&rsquo;opacit\u00e9 la plus totale. Monsieur Bechter leur\u00a0a permis de venir mettre la pagaille au prochain conseil si ses promesses de campagne n&rsquo;\u00e9taient pas tenues d&rsquo;ici l\u00e0 \u00a0et l&rsquo;entreprise sauv\u00e9e. C&rsquo;est une affaire \u00e0 suivre de pr\u00e8s. L&rsquo;opposition\u00a0a soutenu les travailleurs d&rsquo;Altis dans leur demandes.<\/p>\n<p style=\"text-align: justify;\">Lors du conseil municipal du 14 d\u00e9cembre, les \u00e9lus d&rsquo;opposition avaient fait remarquer qu&rsquo;ils leur \u00e9taient demand\u00e9 de voter sur des notices explicatives et qu&rsquo;ils n&rsquo;avaient pas les projets de d\u00e9lib\u00e9rations de joints aux dossiers, comme cela se fait dans la majorit\u00e9 des collectivit\u00e9s. Monsieur Bechter avait assur\u00e9 que cela serait modifi\u00e9 pour le mois suivant. Or, hier nous n&rsquo;avions toujours pas ces projets de d\u00e9lib\u00e9rations. De plus, les comptes rendus ne sont que de simples relev\u00e9s de d\u00e9cisions, aucune de nos remarques n&rsquo;y figurent. Nous avons exprim\u00e9 notre d\u00e9saccord et pour une partie de l&rsquo;opposition quitt\u00e9 la salle et refus\u00e9 d&rsquo;engager nos votes sans avoir les \u00e9l\u00e9ments n\u00e9cessaires \u00e0 cela.<\/p>\n<p style=\"text-align: justify;\">\n","protected":false},"excerpt":{"rendered":"<p>Un collectif r\u00e9unissant plusieurs associations de Corbeil-Essonnois avait hier soir appel\u00e9 \u00e0 un rassemblement devant la mairie \u00e0 18h30. Le but de cette action \u00e9tait &hellip; <\/p>\n","protected":false},"author":2,"featured_media":0,"comment_status":"open","ping_status":"open","sticky":false,"template":"","format":"standard","meta":{"jetpack_post_was_ever_published":false,"jetpack_publicize_message":"","jetpack_is_tweetstorm":false,"jetpack_publicize_feature_enabled":true,"jetpack_social_post_already_shared":false,"jetpack_social_options":{"image_generator_settings":{"template":"highway","enabled":false}}},"categories":[4326,4311,1],"tags":[4414,4757,4364],"jetpack_publicize_connections":[],"jetpack_featured_media_url":"","jetpack_sharing_enabled":true,"_links":{"self":[{"href":"https:\/\/blog-corbeil-essonnes.fr\/WordPress3\/wp-json\/wp\/v2\/posts\/5090"}],"collection":[{"href":"https:\/\/blog-corbeil-essonnes.fr\/WordPress3\/wp-json\/wp\/v2\/posts"}],"about":[{"href":"https:\/\/blog-corbeil-essonnes.fr\/WordPress3\/wp-json\/wp\/v2\/types\/post"}],"author":[{"embeddable":true,"href":"https:\/\/blog-corbeil-essonnes.fr\/WordPress3\/wp-json\/wp\/v2\/users\/2"}],"replies":[{"embeddable":true,"href":"https:\/\/blog-corbeil-essonnes.fr\/WordPress3\/wp-json\/wp\/v2\/comments?post=5090"}],"version-history":[{"count":0,"href":"https:\/\/blog-corbeil-essonnes.fr\/WordPress3\/wp-json\/wp\/v2\/posts\/5090\/revisions"}],"wp:attachment":[{"href":"https:\/\/blog-corbeil-essonnes.fr\/WordPress3\/wp-json\/wp\/v2\/media?parent=5090"}],"wp:term":[{"taxonomy":"category","embeddable":true,"href":"https:\/\/blog-corbeil-essonnes.fr\/WordPress3\/wp-json\/wp\/v2\/categories?post=5090"},{"taxonomy":"post_tag","embeddable":true,"href":"https:\/\/blog-corbeil-essonnes.fr\/WordPress3\/wp-json\/wp\/v2\/tags?post=5090"}],"curies":[{"name":"wp","href":"https:\/\/api.w.org\/{rel}","templated":true}]}}