{"id":5267,"date":"2010-03-31T11:51:52","date_gmt":"2010-03-31T11:51:52","guid":{"rendered":"http:\/\/corbeilessonnes.unblog.fr\/2010\/03\/31\/conseil-municipal-sous-tension\/"},"modified":"2014-09-29T17:46:14","modified_gmt":"2014-09-29T16:46:14","slug":"conseil-municipal-sous-tension","status":"publish","type":"post","link":"https:\/\/blog-corbeil-essonnes.fr\/WordPress3\/2010\/03\/31\/conseil-municipal-sous-tension\/","title":{"rendered":"Conseil municipal sous tension"},"content":{"rendered":"<p style=\"text-align: justify;\">Lundi soir se tenait\u00a0le conseil municipal de Corbeil-Essonnes, et pour l&rsquo;opposition ce conseil fut tr\u00e8s bref.<\/p>\n<p style=\"text-align: justify;\">Apr\u00e8s avoir observ\u00e9 une minute de silence\u00a0\u00e0 la m\u00e9moire des victimes de la temp\u00eate xynthia, le maire s&rsquo;est tromp\u00e9 d&rsquo;ordre et nous avons commenc\u00e9 par voter le point 5.1. Bon d\u00e9but de s\u00e9ance.<\/p>\n<p style=\"text-align: justify;\">Ensuite, nous avons vot\u00e9 le Point 1.1,\u00a0 un versement \u00e0 la croix rouge au b\u00e9n\u00e9fice des sinistr\u00e9s de la m\u00eame temp\u00eate.\u00a0Tout semblait rentrer dans l&rsquo;ordre quand\u00a0 une quarantaine de jeunes sont intervenus calmement pour demander au maire de tenir ses promesses.<!--more--><\/p>\n<p>Je vais vous donner leur propos exacts : \u201d on a vot\u00e9 pour vous, vous avez promis beaucoup de choses, des emplois, des permis et on a rien vu\u201d. \u201cNous voulons vous parler monsieur le maire\u201d . R\u00e9ponse de Monsieur Bechter \u201d on s&rsquo;en occupe\u201d.<\/p>\n<p style=\"text-align: justify;\">A cet instant,\u00a0 Cristela De Oliveira\u00a0 prit la parole \u201con va vous recevoir soyez patients\u201d. Devant l&rsquo;insistance des jeunes, elle ajouta \u201cc&rsquo;est n&rsquo;importe quoi comment vous parlez\u201d, puis un rendez-vous fut fix\u00e9 entre les deux parties. Les jeunes ont alors quitt\u00e9 la salle dans le calme.<\/p>\n<p style=\"text-align: justify;\">Carlos Da Silva fit remarquer que nous venions d&rsquo;entendre de dr\u00f4les de propos, et\u00a0s&rsquo;interrogea sur\u00a0\u00a0la nature des promesses qui ont \u00e9t\u00e9 faites, en rappelant que cela avait \u00e9t\u00e9 condamn\u00e9 par le tribunal. Michel Nouaille\u00a0signala\u00a0que l&rsquo;opposition \u00e9tait satisfaite de voir le maire \u00e9couter les jeunes, mais qu&rsquo;il y avait deux poids deux mesures,\u00a0 les salari\u00e9s d&rsquo;Altis en f\u00e9vrier n&rsquo;ont pas eu le droit de\u00a0s&rsquo;exprimer et ont m\u00eame\u00a0\u00e9t\u00e9 \u00e9vacu\u00e9s par la police municipale.<\/p>\n<p style=\"text-align: justify;\">Monsieur Bechter se mit alors en col\u00e8re et tenu des propos virulents, soutenu par des militants de l&rsquo;UMP. Devant la violence verbale, avec mes coll\u00e8gues\u00a0 conseillers municipaux de l&rsquo;opposition, nous avons\u00a0 quitt\u00e9 la s\u00e9ance. Il \u00e9tait impossible de d\u00e9battre dans des conditions normales. Nous avons adress\u00e9 un courrier au pr\u00e9fet pour qu&rsquo;il intervienne aupr\u00e8s de Monsieur Bechter, afin que les s\u00e9ances du conseil municipal puissent se tenir dans la s\u00e9r\u00e9nit\u00e9.<\/p>\n<p style=\"text-align: justify;\">\n","protected":false},"excerpt":{"rendered":"<p>Lundi soir se tenait\u00a0le conseil municipal de Corbeil-Essonnes, et pour l&rsquo;opposition ce conseil fut tr\u00e8s bref. Apr\u00e8s avoir observ\u00e9 une minute de silence\u00a0\u00e0 la m\u00e9moire &hellip; <\/p>\n","protected":false},"author":2,"featured_media":0,"comment_status":"open","ping_status":"open","sticky":false,"template":"","format":"standard","meta":{"jetpack_post_was_ever_published":false,"jetpack_publicize_message":"","jetpack_is_tweetstorm":false,"jetpack_publicize_feature_enabled":true,"jetpack_social_post_already_shared":false,"jetpack_social_options":{"image_generator_settings":{"template":"highway","enabled":false}}},"categories":[4326,4311,1],"tags":[4459,4414,4757],"jetpack_publicize_connections":[],"jetpack_featured_media_url":"","jetpack_sharing_enabled":true,"_links":{"self":[{"href":"https:\/\/blog-corbeil-essonnes.fr\/WordPress3\/wp-json\/wp\/v2\/posts\/5267"}],"collection":[{"href":"https:\/\/blog-corbeil-essonnes.fr\/WordPress3\/wp-json\/wp\/v2\/posts"}],"about":[{"href":"https:\/\/blog-corbeil-essonnes.fr\/WordPress3\/wp-json\/wp\/v2\/types\/post"}],"author":[{"embeddable":true,"href":"https:\/\/blog-corbeil-essonnes.fr\/WordPress3\/wp-json\/wp\/v2\/users\/2"}],"replies":[{"embeddable":true,"href":"https:\/\/blog-corbeil-essonnes.fr\/WordPress3\/wp-json\/wp\/v2\/comments?post=5267"}],"version-history":[{"count":0,"href":"https:\/\/blog-corbeil-essonnes.fr\/WordPress3\/wp-json\/wp\/v2\/posts\/5267\/revisions"}],"wp:attachment":[{"href":"https:\/\/blog-corbeil-essonnes.fr\/WordPress3\/wp-json\/wp\/v2\/media?parent=5267"}],"wp:term":[{"taxonomy":"category","embeddable":true,"href":"https:\/\/blog-corbeil-essonnes.fr\/WordPress3\/wp-json\/wp\/v2\/categories?post=5267"},{"taxonomy":"post_tag","embeddable":true,"href":"https:\/\/blog-corbeil-essonnes.fr\/WordPress3\/wp-json\/wp\/v2\/tags?post=5267"}],"curies":[{"name":"wp","href":"https:\/\/api.w.org\/{rel}","templated":true}]}}